{"id":10007,"date":"2022-08-10T08:51:22","date_gmt":"2022-08-10T11:51:22","guid":{"rendered":"http:\/\/cofarco.com.ar\/ar\/?p=10007"},"modified":"2022-08-10T08:51:22","modified_gmt":"2022-08-10T11:51:22","slug":"invitacion-primeras-jornadas-farmaceuticas-chaquenas-y-fiesta-anual-2022","status":"publish","type":"post","link":"https:\/\/cofarco.com.ar\/ar\/2022\/08\/10\/invitacion-primeras-jornadas-farmaceuticas-chaquenas-y-fiesta-anual-2022\/","title":{"rendered":"Invitaci\u00f3n: Primeras Jornadas Farmac\u00e9uticas Chaque\u00f1as y Fiesta Anual 2022"},"content":{"rendered":"<p>Estimados Colegas:<br aria-hidden=\"true\" \/><br aria-hidden=\"true\" \/>Con alegr\u00eda y satisfacci\u00f3n, los invitamos a participar de las Primeras Jornadas Farmac\u00e9uticas Chaque\u00f1as, a realizarse los d\u00edas 16 y 17 de septiembre de 2.022 en la ciudad de Resistencia (Chaco); las cuales finalizar\u00e1n con la gran Fiesta Anual del Farmac\u00e9utico 2.022 donde se entregar\u00e1n los presentes por los 25 y 50 a\u00f1os de profesi\u00f3n a distintos colegas.<br aria-hidden=\"true\" \/><br aria-hidden=\"true\" \/>Fecha l\u00edmite de inscripci\u00f3n 02 de septiembre. Consulte por formas de pagos e inscripciones al tel\u00e9fono 0362-4426119\/4436253 o al mail: cfchaco@gmail.com .-<br aria-hidden=\"true\" \/><br aria-hidden=\"true\" \/>Los esperamos.<br aria-hidden=\"true\" \/><br aria-hidden=\"true\" \/>Atte. Colegio de Farmac\u00e9uticos del Chaco.<\/p>\n<p><img fetchpriority=\"high\" decoding=\"async\" class=\"alignnone size-medium wp-image-10008\" src=\"https:\/\/cofarco.com.ar\/ar\/wp-content\/uploads\/2022\/08\/Costos-Jornadas-283x400.jpeg\" alt=\"\" width=\"283\" height=\"400\" \/> <img decoding=\"async\" class=\"alignnone size-medium wp-image-10009\" src=\"https:\/\/cofarco.com.ar\/ar\/wp-content\/uploads\/2022\/08\/Invitacion-Jornadas-283x400.jpeg\" alt=\"\" width=\"283\" height=\"400\" \/><\/p>\n","protected":false},"excerpt":{"rendered":"<p>Estimados Colegas:Con alegr\u00eda y satisfacci\u00f3n, los invitamos a participar de las Primeras Jornadas Farmac\u00e9uticas Chaque\u00f1as, a realizarse los d\u00edas 16 y 17 de septiembre de 2.022 en la ciudad de Resistencia (Chaco); las cuales finalizar\u00e1n con la gran Fiesta Anual del Farmac\u00e9utico 2.022 donde se entregar\u00e1n los presentes por los 25 y 50 a\u00f1os de [&#8230;]\n","protected":false},"author":2,"featured_media":0,"comment_status":"open","ping_status":"open","sticky":false,"template":"","format":"standard","meta":{"footnotes":""},"categories":[68],"tags":[],"class_list":["post-10007","post","type-post","status-publish","format-standard","hentry","category-cursos"],"_links":{"self":[{"href":"https:\/\/cofarco.com.ar\/ar\/wp-json\/wp\/v2\/posts\/10007","targetHints":{"allow":["GET"]}}],"collection":[{"href":"https:\/\/cofarco.com.ar\/ar\/wp-json\/wp\/v2\/posts"}],"about":[{"href":"https:\/\/cofarco.com.ar\/ar\/wp-json\/wp\/v2\/types\/post"}],"author":[{"embeddable":true,"href":"https:\/\/cofarco.com.ar\/ar\/wp-json\/wp\/v2\/users\/2"}],"replies":[{"embeddable":true,"href":"https:\/\/cofarco.com.ar\/ar\/wp-json\/wp\/v2\/comments?post=10007"}],"version-history":[{"count":1,"href":"https:\/\/cofarco.com.ar\/ar\/wp-json\/wp\/v2\/posts\/10007\/revisions"}],"predecessor-version":[{"id":10011,"href":"https:\/\/cofarco.com.ar\/ar\/wp-json\/wp\/v2\/posts\/10007\/revisions\/10011"}],"wp:attachment":[{"href":"https:\/\/cofarco.com.ar\/ar\/wp-json\/wp\/v2\/media?parent=10007"}],"wp:term":[{"taxonomy":"category","embeddable":true,"href":"https:\/\/cofarco.com.ar\/ar\/wp-json\/wp\/v2\/categories?post=10007"},{"taxonomy":"post_tag","embeddable":true,"href":"https:\/\/cofarco.com.ar\/ar\/wp-json\/wp\/v2\/tags?post=10007"}],"curies":[{"name":"wp","href":"https:\/\/api.w.org\/{rel}","templated":true}]}}