{"id":10062,"date":"2022-08-16T08:46:22","date_gmt":"2022-08-16T11:46:22","guid":{"rendered":"http:\/\/cofarco.com.ar\/ar\/?p=10062"},"modified":"2022-08-16T08:46:22","modified_gmt":"2022-08-16T11:46:22","slug":"curso-farmacoeconomia-en-el-contexto-actual","status":"publish","type":"post","link":"https:\/\/cofarco.com.ar\/ar\/2022\/08\/16\/curso-farmacoeconomia-en-el-contexto-actual\/","title":{"rendered":"Curso Farmacoeconom\u00eda en el contexto actual"},"content":{"rendered":"<p>Bajo la direcci\u00f3n del Dr. Jos\u00e9 Julio Daniel Alvarado, el Instituto de Pol\u00edtica, Econom\u00eda y Gesti\u00f3n en Salud (Ipegsa) organiza el Curso Farmacoeconom\u00eda en el contexto actual.<\/p>\n<p>Iniciar\u00e1 el 5 de septiembre y con una duraci\u00f3n de tres meses se desarrollar\u00e1 a lo largo de 12 clases en total. El curso se realizar\u00e1 bajo la modalidad virtual, los d\u00edas lunes, de 18 a 20 horas.<\/p>\n<p>Est\u00e1 dirigido a todo el que est\u00e9 relacionado con la salud, financiadores, administrativos y dem\u00e1s profesionales involucrados en el sector.<\/p>\n<p>Informes en inscripci\u00f3n: <a href=\"mailto:inscripcion@ipegsa.com.ar\">inscripcion@ipegsa.com.ar<\/a><\/p>\n<p>&nbsp;<\/p>\n<p>Organiza el Instituto de Pol\u00edtica, Econom\u00eda y Gesti\u00f3n en Salud (Ipegsa).<\/p>\n","protected":false},"excerpt":{"rendered":"<p>Bajo la direcci\u00f3n del Dr. Jos\u00e9 Julio Daniel Alvarado, el Instituto de Pol\u00edtica, Econom\u00eda y Gesti\u00f3n en Salud (Ipegsa) organiza el Curso Farmacoeconom\u00eda en el contexto actual. Iniciar\u00e1 el 5 de septiembre y con una duraci\u00f3n de tres meses se desarrollar\u00e1 a lo largo de 12 clases en total. El curso se realizar\u00e1 bajo la [&#8230;]\n","protected":false},"author":2,"featured_media":0,"comment_status":"open","ping_status":"open","sticky":false,"template":"","format":"standard","meta":{"footnotes":""},"categories":[68],"tags":[],"class_list":["post-10062","post","type-post","status-publish","format-standard","hentry","category-cursos"],"_links":{"self":[{"href":"https:\/\/cofarco.com.ar\/ar\/wp-json\/wp\/v2\/posts\/10062","targetHints":{"allow":["GET"]}}],"collection":[{"href":"https:\/\/cofarco.com.ar\/ar\/wp-json\/wp\/v2\/posts"}],"about":[{"href":"https:\/\/cofarco.com.ar\/ar\/wp-json\/wp\/v2\/types\/post"}],"author":[{"embeddable":true,"href":"https:\/\/cofarco.com.ar\/ar\/wp-json\/wp\/v2\/users\/2"}],"replies":[{"embeddable":true,"href":"https:\/\/cofarco.com.ar\/ar\/wp-json\/wp\/v2\/comments?post=10062"}],"version-history":[{"count":1,"href":"https:\/\/cofarco.com.ar\/ar\/wp-json\/wp\/v2\/posts\/10062\/revisions"}],"predecessor-version":[{"id":10064,"href":"https:\/\/cofarco.com.ar\/ar\/wp-json\/wp\/v2\/posts\/10062\/revisions\/10064"}],"wp:attachment":[{"href":"https:\/\/cofarco.com.ar\/ar\/wp-json\/wp\/v2\/media?parent=10062"}],"wp:term":[{"taxonomy":"category","embeddable":true,"href":"https:\/\/cofarco.com.ar\/ar\/wp-json\/wp\/v2\/categories?post=10062"},{"taxonomy":"post_tag","embeddable":true,"href":"https:\/\/cofarco.com.ar\/ar\/wp-json\/wp\/v2\/tags?post=10062"}],"curies":[{"name":"wp","href":"https:\/\/api.w.org\/{rel}","templated":true}]}}