{"id":10092,"date":"2022-08-17T14:01:47","date_gmt":"2022-08-17T17:01:47","guid":{"rendered":"http:\/\/cofarco.com.ar\/ar\/?p=10092"},"modified":"2022-09-01T17:35:44","modified_gmt":"2022-09-01T20:35:44","slug":"xxviii-congreso-farmaceutico-argentino-rosario-2022","status":"publish","type":"post","link":"https:\/\/cofarco.com.ar\/ar\/2022\/08\/17\/xxviii-congreso-farmaceutico-argentino-rosario-2022\/","title":{"rendered":"XXVIII Congreso Farmac\u00e9utico Argentino \u2013 Rosario 2022"},"content":{"rendered":"<p>La Edici\u00f3n XXVIII del Congreso Farmac\u00e9utico Argentino se desarrollar\u00e1 este a\u00f1o en la ciudad de Rosario los d\u00edas 20, 21 y 22 de octubre, con el t\u00edtulo el \u201cRol multidisciplinar de los profesionales farmac\u00e9uticos: Consolidando competencias -desde la universidad a la comunidad\u201d<\/p>\n<p>El evento es organizado en conjunto por la Confederaci\u00f3n Farmac\u00e9utica Argentina (COFA) y el C\u00edrculo de Prestaciones Farmac\u00e9uticas de Rosario y tendr\u00e1 como sede el Centro de Convenciones Ros Tower.<\/p>\n<p>Participar\u00e1n referentes nacionales e internacionales quienes abordar\u00e1n temas como Cannabis medicinal, dermocosm\u00e9tica; farmac\u00e9uticos en investigaci\u00f3n cient\u00edfica; farmac\u00e9uticos en el cuidado del medio ambiente; farmacia asistencial y productos m\u00e9dicos.<\/p>\n<p>&nbsp;<\/p>\n<p>Est\u00e1 abierta la recepci\u00f3n de res\u00famenes de posters para el Congreso. Los interesados pueden enviarlos a: asuntosprofesionales@cofa.org.ar<\/p>\n<p>Los interesados en participar deber\u00e1n comunicarse con la sede del Colegio de Farmac\u00e9uticos de Corrientes (COFARCO).<\/p>\n\n<div class=\"gde-error\">GDE Error: Error al recuperar el fichero. Si es necesario, desactiva la comprobaci\u00f3n de errores (404:Not Found)<\/div>\n\n","protected":false},"excerpt":{"rendered":"<p>La Edici\u00f3n XXVIII del Congreso Farmac\u00e9utico Argentino se desarrollar\u00e1 este a\u00f1o en la ciudad de Rosario los d\u00edas 20, 21 y 22 de octubre, con el t\u00edtulo el \u201cRol multidisciplinar de los profesionales farmac\u00e9uticos: Consolidando competencias -desde la universidad a la comunidad\u201d El evento es organizado en conjunto por la Confederaci\u00f3n Farmac\u00e9utica Argentina (COFA) y [&#8230;]\n","protected":false},"author":2,"featured_media":0,"comment_status":"open","ping_status":"open","sticky":false,"template":"","format":"standard","meta":{"footnotes":""},"categories":[68],"tags":[],"class_list":["post-10092","post","type-post","status-publish","format-standard","hentry","category-cursos"],"_links":{"self":[{"href":"https:\/\/cofarco.com.ar\/ar\/wp-json\/wp\/v2\/posts\/10092","targetHints":{"allow":["GET"]}}],"collection":[{"href":"https:\/\/cofarco.com.ar\/ar\/wp-json\/wp\/v2\/posts"}],"about":[{"href":"https:\/\/cofarco.com.ar\/ar\/wp-json\/wp\/v2\/types\/post"}],"author":[{"embeddable":true,"href":"https:\/\/cofarco.com.ar\/ar\/wp-json\/wp\/v2\/users\/2"}],"replies":[{"embeddable":true,"href":"https:\/\/cofarco.com.ar\/ar\/wp-json\/wp\/v2\/comments?post=10092"}],"version-history":[{"count":4,"href":"https:\/\/cofarco.com.ar\/ar\/wp-json\/wp\/v2\/posts\/10092\/revisions"}],"predecessor-version":[{"id":10302,"href":"https:\/\/cofarco.com.ar\/ar\/wp-json\/wp\/v2\/posts\/10092\/revisions\/10302"}],"wp:attachment":[{"href":"https:\/\/cofarco.com.ar\/ar\/wp-json\/wp\/v2\/media?parent=10092"}],"wp:term":[{"taxonomy":"category","embeddable":true,"href":"https:\/\/cofarco.com.ar\/ar\/wp-json\/wp\/v2\/categories?post=10092"},{"taxonomy":"post_tag","embeddable":true,"href":"https:\/\/cofarco.com.ar\/ar\/wp-json\/wp\/v2\/tags?post=10092"}],"curies":[{"name":"wp","href":"https:\/\/api.w.org\/{rel}","templated":true}]}}