{"id":10118,"date":"2022-08-18T13:26:33","date_gmt":"2022-08-18T16:26:33","guid":{"rendered":"http:\/\/cofarco.com.ar\/ar\/?p=10118"},"modified":"2022-08-18T13:26:33","modified_gmt":"2022-08-18T16:26:33","slug":"convocan-a-profesionales-para-residencia-en-farmacia-hospitaria-corrientes","status":"publish","type":"post","link":"https:\/\/cofarco.com.ar\/ar\/2022\/08\/18\/convocan-a-profesionales-para-residencia-en-farmacia-hospitaria-corrientes\/","title":{"rendered":"Convocan a profesionales para Residencia en Farmacia Hospitaria (Corrientes)"},"content":{"rendered":"<p>El Instituto de Cardiolog\u00eda de Corrientes abre el segundo llamado a la Residencia en Farmacia Hospitalaria, convocando a profesionales que hayan obtenido el t\u00edtulo de farmac\u00e9utico hace no m\u00e1s de cinco a\u00f1os.<\/p>\n<p>El objetivo de esta residencia es formar Farmac\u00e9uticos Hospitalarios, de acuerdo al perfil definido para las necesidades del sistema de Salud de la Naci\u00f3n: comprometidos con la gesti\u00f3n de medicamentos e insumos m\u00e9dicos, con la farmacovigilancia, el manejo de equipos de trabajo, el seguimiento farmacoterap\u00e9utico y el trabajo interdisciplinario.<\/p>\n<p>Para ingresar, el profesional deber\u00e1 haber recibido su t\u00edtulo hace no m\u00e1s de 5 a\u00f1os y ser egresado de universidades nacionales, provinciales o privadas Argentina, autorizadas por la autoridad de aplicaci\u00f3n; o profesionales extranjeros con validaci\u00f3n. Se realizar\u00e1 examen m\u00faltiple choice y entrevista.<\/p>\n<p>Los interesados deber\u00e1n comunicarse con el Farm. Ezequiel Mart\u00ednez, de la Divisi\u00f3n Farmacias, al tel\u00e9fino 3644-372695.<\/p>\n<p>Esta Residencia cuenta con la aprobaci\u00f3n del Instituto de Cardiolog\u00eda, de la Universidad Nacional del Chaco Austral (UNCAUS) y del Ministerio de Salud de la Provincia de Corrientes.<\/p>\n<p><img fetchpriority=\"high\" decoding=\"async\" class=\"alignnone size-medium wp-image-10119\" src=\"https:\/\/cofarco.com.ar\/ar\/wp-content\/uploads\/2022\/08\/AVISO-Pre-Residencias-Agosto-22-1-276x400.jpg\" alt=\"\" width=\"276\" height=\"400\" \/><img decoding=\"async\" class=\"alignnone size-medium wp-image-10120\" src=\"https:\/\/cofarco.com.ar\/ar\/wp-content\/uploads\/2022\/08\/WhatsApp-Image-2022-07-26-at-12.01.20-PM-1-284x400.jpeg\" alt=\"\" width=\"284\" height=\"400\" \/><\/p>\n","protected":false},"excerpt":{"rendered":"<p>El Instituto de Cardiolog\u00eda de Corrientes abre el segundo llamado a la Residencia en Farmacia Hospitalaria, convocando a profesionales que hayan obtenido el t\u00edtulo de farmac\u00e9utico hace no m\u00e1s de cinco a\u00f1os. El objetivo de esta residencia es formar Farmac\u00e9uticos Hospitalarios, de acuerdo al perfil definido para las necesidades del sistema de Salud de la [&#8230;]\n","protected":false},"author":2,"featured_media":0,"comment_status":"open","ping_status":"open","sticky":false,"template":"","format":"standard","meta":{"footnotes":""},"categories":[68],"tags":[],"class_list":["post-10118","post","type-post","status-publish","format-standard","hentry","category-cursos"],"_links":{"self":[{"href":"https:\/\/cofarco.com.ar\/ar\/wp-json\/wp\/v2\/posts\/10118","targetHints":{"allow":["GET"]}}],"collection":[{"href":"https:\/\/cofarco.com.ar\/ar\/wp-json\/wp\/v2\/posts"}],"about":[{"href":"https:\/\/cofarco.com.ar\/ar\/wp-json\/wp\/v2\/types\/post"}],"author":[{"embeddable":true,"href":"https:\/\/cofarco.com.ar\/ar\/wp-json\/wp\/v2\/users\/2"}],"replies":[{"embeddable":true,"href":"https:\/\/cofarco.com.ar\/ar\/wp-json\/wp\/v2\/comments?post=10118"}],"version-history":[{"count":1,"href":"https:\/\/cofarco.com.ar\/ar\/wp-json\/wp\/v2\/posts\/10118\/revisions"}],"predecessor-version":[{"id":10121,"href":"https:\/\/cofarco.com.ar\/ar\/wp-json\/wp\/v2\/posts\/10118\/revisions\/10121"}],"wp:attachment":[{"href":"https:\/\/cofarco.com.ar\/ar\/wp-json\/wp\/v2\/media?parent=10118"}],"wp:term":[{"taxonomy":"category","embeddable":true,"href":"https:\/\/cofarco.com.ar\/ar\/wp-json\/wp\/v2\/categories?post=10118"},{"taxonomy":"post_tag","embeddable":true,"href":"https:\/\/cofarco.com.ar\/ar\/wp-json\/wp\/v2\/tags?post=10118"}],"curies":[{"name":"wp","href":"https:\/\/api.w.org\/{rel}","templated":true}]}}