{"id":1016,"date":"2016-09-27T10:32:53","date_gmt":"2016-09-27T13:32:53","guid":{"rendered":"http:\/\/www.cofarco.com.ar\/?p=1016"},"modified":"2016-09-27T10:32:53","modified_gmt":"2016-09-27T13:32:53","slug":"22-de-octubre-fiesta-por-el-dia-del-farmaceutico","status":"publish","type":"post","link":"https:\/\/cofarco.com.ar\/ar\/2016\/09\/27\/22-de-octubre-fiesta-por-el-dia-del-farmaceutico\/","title":{"rendered":"22 de octubre: Fiesta por el D\u00eda del Farmac\u00e9utico"},"content":{"rendered":"<p>Estamos trabajando con mucho entusiasmo en la organizaci\u00f3n de la gran cena show que realizamos todos los a\u00f1os para celebrar el D\u00eda del Farmac\u00e9utico y que esta vez tendr\u00e1 lugar el 22 de octubre en el Sal\u00f3n Victoria Plaza.<br \/>\nDe a poco les iremos adelantando sobre la cena, el show y otras novedades que pensamos para vivir una noche inolvidable. Queremos que sea una fiesta que nos re\u00fana a todos los que abrazamos esta profesi\u00f3n, para compartir un lindo momento con el que empezaremos a cerrar un a\u00f1o de muchas luchas y logros alcanzados desde la colegiaci\u00f3n.<br \/>\nEst\u00e9n atentos\u2026 nos seguiremos comunicando para compartir m\u00e1s novedades sobre el evento.<\/p>\n<p>\u00a1Hasta pronto!<\/p>\n<p>&nbsp;<\/p>\n<p><img fetchpriority=\"high\" decoding=\"async\" class=\"size-medium wp-image-1017 aligncenter\" src=\"https:\/\/cofarco.com.ar\/ar\/wp-content\/uploads\/2016\/09\/IMG_3816-300x169.jpg\" alt=\"img_3816\" width=\"300\" height=\"169\" \/><\/p>\n","protected":false},"excerpt":{"rendered":"<p>Estamos trabajando con mucho entusiasmo en la organizaci\u00f3n de la gran cena show que realizamos todos los a\u00f1os para celebrar el D\u00eda del Farmac\u00e9utico y que esta vez tendr\u00e1 lugar el 22 de octubre en el Sal\u00f3n Victoria Plaza. De a poco les iremos adelantando sobre la cena, el show y otras novedades que pensamos [&#8230;]\n","protected":false},"author":2,"featured_media":0,"comment_status":"open","ping_status":"open","sticky":false,"template":"","format":"standard","meta":{"footnotes":""},"categories":[1],"tags":[],"class_list":["post-1016","post","type-post","status-publish","format-standard","hentry","category-uncategorized"],"_links":{"self":[{"href":"https:\/\/cofarco.com.ar\/ar\/wp-json\/wp\/v2\/posts\/1016","targetHints":{"allow":["GET"]}}],"collection":[{"href":"https:\/\/cofarco.com.ar\/ar\/wp-json\/wp\/v2\/posts"}],"about":[{"href":"https:\/\/cofarco.com.ar\/ar\/wp-json\/wp\/v2\/types\/post"}],"author":[{"embeddable":true,"href":"https:\/\/cofarco.com.ar\/ar\/wp-json\/wp\/v2\/users\/2"}],"replies":[{"embeddable":true,"href":"https:\/\/cofarco.com.ar\/ar\/wp-json\/wp\/v2\/comments?post=1016"}],"version-history":[{"count":0,"href":"https:\/\/cofarco.com.ar\/ar\/wp-json\/wp\/v2\/posts\/1016\/revisions"}],"wp:attachment":[{"href":"https:\/\/cofarco.com.ar\/ar\/wp-json\/wp\/v2\/media?parent=1016"}],"wp:term":[{"taxonomy":"category","embeddable":true,"href":"https:\/\/cofarco.com.ar\/ar\/wp-json\/wp\/v2\/categories?post=1016"},{"taxonomy":"post_tag","embeddable":true,"href":"https:\/\/cofarco.com.ar\/ar\/wp-json\/wp\/v2\/tags?post=1016"}],"curies":[{"name":"wp","href":"https:\/\/api.w.org\/{rel}","templated":true}]}}