{"id":1027,"date":"2016-10-07T11:52:45","date_gmt":"2016-10-07T14:52:45","guid":{"rendered":"http:\/\/www.cofarco.com.ar\/?p=1027"},"modified":"2016-10-07T11:52:45","modified_gmt":"2016-10-07T14:52:45","slug":"el-colegio-organiza-el-curso-de-posgrado-de-alergias","status":"publish","type":"post","link":"https:\/\/cofarco.com.ar\/ar\/2016\/10\/07\/el-colegio-organiza-el-curso-de-posgrado-de-alergias\/","title":{"rendered":"Exitosa convocatoria en el Curso de Posgrado de Alergias"},"content":{"rendered":"<p>En el marco de actividades programadas para celebrar el D\u00eda del Farmac\u00e9utico, el Colegio de Farmac\u00e9uticos de Corrientes realiz\u00f3 el s\u00e1bado 22 de octubre el Curso de Posgrado de Alergias \u201cInmunoterapia\u00a0 y medicamentos utilizados en\u00a0 situaciones de Hipersensibilidad y enfermedades Inmunoal\u00e9rgicas\u201d. Tuvo lugar en las instalaciones del Instituto Semper, ubicado en Mariano Moreno 1752.<\/p>\n<p>La modalidad del dictado fue semi presencial ya que la segunda clase se realiz\u00f3 utilizando el aula virtual de la UNNE.<\/p>\n<p>Este ciclo de formaci\u00f3n estuvo dirigido a farmac\u00e9uticos y profesionales con \u201ct\u00edtulo de grado\u201d de nivel superior proveniente de carreras de no menos de cuatro a\u00f1o de duraci\u00f3n. Estuvo a cargo del profesor: Mag. M\u00e9d. Sergio Daniel Morales (M\u00e9dico Cirujano. Mag\u00edster en Terap\u00e9utica Farmacol\u00f3gica y Auditoria de Medicamentos. Jefe de Trabajos Pr\u00e1cticos por Concurso. C\u00e1tedra de Farmacolog\u00eda).<\/p>\n<p>Este curso, otorg\u00f3 cr\u00e9ditos para la Certificaci\u00f3n y Recertificaci\u00f3n Profesional.<\/p>\n<p>&nbsp;<\/p>\n<p><img fetchpriority=\"high\" decoding=\"async\" class=\"alignnone size-medium wp-image-1088\" src=\"https:\/\/cofarco.com.ar\/ar\/wp-content\/uploads\/2016\/10\/WhatsApp-Image-2016-10-25-at-16.09.49-300x225.jpeg\" alt=\"whatsapp-image-2016-10-25-at-16-09-49\" width=\"300\" height=\"225\" \/> <img decoding=\"async\" class=\"alignnone size-medium wp-image-1089\" src=\"https:\/\/cofarco.com.ar\/ar\/wp-content\/uploads\/2016\/10\/WhatsApp-Image-2016-10-25-at-16.09.35-300x169.jpeg\" alt=\"whatsapp-image-2016-10-25-at-16-09-35\" width=\"300\" height=\"169\" \/> <img decoding=\"async\" class=\"alignnone size-medium wp-image-1090\" src=\"https:\/\/cofarco.com.ar\/ar\/wp-content\/uploads\/2016\/10\/WhatsApp-Image-2016-10-25-at-16.09.20-300x225.jpeg\" alt=\"whatsapp-image-2016-10-25-at-16-09-20\" width=\"300\" height=\"225\" \/> <img loading=\"lazy\" decoding=\"async\" class=\"alignnone size-medium wp-image-1091\" src=\"https:\/\/cofarco.com.ar\/ar\/wp-content\/uploads\/2016\/10\/WhatsApp-Image-2016-10-25-at-16.09.04-300x169.jpeg\" alt=\"whatsapp-image-2016-10-25-at-16-09-04\" width=\"300\" height=\"169\" \/><\/p>\n","protected":false},"excerpt":{"rendered":"<p>En el marco de actividades programadas para celebrar el D\u00eda del Farmac\u00e9utico, el Colegio de Farmac\u00e9uticos de Corrientes realiz\u00f3 el s\u00e1bado 22 de octubre el Curso de Posgrado de Alergias \u201cInmunoterapia\u00a0 y medicamentos utilizados en\u00a0 situaciones de Hipersensibilidad y enfermedades Inmunoal\u00e9rgicas\u201d. Tuvo lugar en las instalaciones del Instituto Semper, ubicado en Mariano Moreno 1752. La [&#8230;]\n","protected":false},"author":2,"featured_media":0,"comment_status":"open","ping_status":"open","sticky":false,"template":"","format":"standard","meta":{"footnotes":""},"categories":[1],"tags":[],"class_list":["post-1027","post","type-post","status-publish","format-standard","hentry","category-uncategorized"],"_links":{"self":[{"href":"https:\/\/cofarco.com.ar\/ar\/wp-json\/wp\/v2\/posts\/1027","targetHints":{"allow":["GET"]}}],"collection":[{"href":"https:\/\/cofarco.com.ar\/ar\/wp-json\/wp\/v2\/posts"}],"about":[{"href":"https:\/\/cofarco.com.ar\/ar\/wp-json\/wp\/v2\/types\/post"}],"author":[{"embeddable":true,"href":"https:\/\/cofarco.com.ar\/ar\/wp-json\/wp\/v2\/users\/2"}],"replies":[{"embeddable":true,"href":"https:\/\/cofarco.com.ar\/ar\/wp-json\/wp\/v2\/comments?post=1027"}],"version-history":[{"count":0,"href":"https:\/\/cofarco.com.ar\/ar\/wp-json\/wp\/v2\/posts\/1027\/revisions"}],"wp:attachment":[{"href":"https:\/\/cofarco.com.ar\/ar\/wp-json\/wp\/v2\/media?parent=1027"}],"wp:term":[{"taxonomy":"category","embeddable":true,"href":"https:\/\/cofarco.com.ar\/ar\/wp-json\/wp\/v2\/categories?post=1027"},{"taxonomy":"post_tag","embeddable":true,"href":"https:\/\/cofarco.com.ar\/ar\/wp-json\/wp\/v2\/tags?post=1027"}],"curies":[{"name":"wp","href":"https:\/\/api.w.org\/{rel}","templated":true}]}}