{"id":10271,"date":"2022-08-30T13:56:33","date_gmt":"2022-08-30T16:56:33","guid":{"rendered":"http:\/\/cofarco.com.ar\/ar\/?p=10271"},"modified":"2022-08-30T13:56:33","modified_gmt":"2022-08-30T16:56:33","slug":"cursos-online-septiembre-2022-colegio-de-farmaceuticos-de-cordoba","status":"publish","type":"post","link":"https:\/\/cofarco.com.ar\/ar\/2022\/08\/30\/cursos-online-septiembre-2022-colegio-de-farmaceuticos-de-cordoba\/","title":{"rendered":"Cursos Online septiembre 2022 &#8211; Colegio de Farmac\u00e9uticos de C\u00f3rdoba"},"content":{"rendered":"<p>El Colegio de Farmac\u00e9uticos de C\u00f3rdoba invita a participar de los curso on-line que iniciar\u00e1n el 16 y 23 de septiembre del 2.022:<br aria-hidden=\"true\" \/><br aria-hidden=\"true\" \/><strong>FARMACOVIGILANCIA PARA PERSONAL DE SALUD:<\/strong><br aria-hidden=\"true\" \/><br aria-hidden=\"true\" \/>Director del curso y contenidos: Mag. Bioq. Farm. Elbio Am\u00e9rico Costa Bioqu\u00edmico (Universidad Nacional del Litoral); Farmac\u00e9utico (Universidad Nacional de Rosario); M\u00e1ster en e-learning (Universidad de Sevilla). Formaci\u00f3n de posgrado: Biofarmacia y Farmacocin\u00e9tica (Universidad de Chile); Atenci\u00f3n Farmac\u00e9utica (Universidad Complutense de Madrid); Gerenciamiento de Sistemas de Salud (Gobierno de Entre R\u00edos y Universidad Nacional de La Plata).<br aria-hidden=\"true\" \/><br aria-hidden=\"true\" \/>Contenidos: El medicamento. Desarrollo de nuevos medicamentos. Estudios precl\u00ednicos. Ensayos cl\u00ednicos: Fases. Patentes farmac\u00e9uticas y medicamentos gen\u00e9ricos. Medicamentos hemoderivados e inmunol\u00f3gicos. Medicamentos biotecnol\u00f3gicos.\u00a0 Administraci\u00f3n y uso de los productos\u00a0<br aria-hidden=\"true\" \/>farmac\u00e9uticos.\u00a0 La eficacia y efectividad de los tratamientos. Factores que condicionan la seguridad de los tratamientos.\u00a0 Falla terap\u00e9utica. Reacci\u00f3n adversa a medicamento (RAM): clasificaci\u00f3n y frecuencia. Farmacovigilancia. Programa de Monitoreo de la OMS. Sistema Nacional de Farmacovigilancia. Notificaci\u00f3n de eventos adversos por medicamentos. Valoraci\u00f3n de la causalidad: algoritmos. Notificaci\u00f3n de desv\u00edos de calidad de los medicamentos y de errores de medicaci\u00f3n. Medicamentos LASA. Notificaci\u00f3n, registro y evaluaci\u00f3n de los ESAVI. Programas especiales de Farmacovigilancia. Esquizofrenia, dispensaci\u00f3n y farmacovigilancia de clozapina.<br aria-hidden=\"true\" \/><br aria-hidden=\"true\" \/><strong>Inicia: 16 de septiembre de 2022<\/strong><br aria-hidden=\"true\" \/><strong>Duraci\u00f3n: 10 semanas<\/strong><br aria-hidden=\"true\" \/><strong>Inversi\u00f3n: $7.900<\/strong><br aria-hidden=\"true\" \/><br aria-hidden=\"true\" \/>Este curso otorga cr\u00e9ditos para certificaci\u00f3n y recertificaci\u00f3n profesional.<br aria-hidden=\"true\" \/><br aria-hidden=\"true\" \/>Organiza: \u00c1rea de Capacitaci\u00f3n y Responsabilidad Social. Colegio de Farmac\u00e9uticos de la Provincia de C\u00f3rdoba.<br aria-hidden=\"true\" \/><br aria-hidden=\"true\" \/>Auspicia: Universidad Nacional de C\u00f3rdoba, Universidad Cat\u00f3lica de C\u00f3rdoba y\u00a0 Fundaci\u00f3n Farmac\u00e9utica para la Prevenci\u00f3n y Educaci\u00f3n en\u00a0<br aria-hidden=\"true\" \/>Salud Comunitaria (Fundaci\u00f3n PRESAC).<br aria-hidden=\"true\" \/>Informes e Inscripciones:<br aria-hidden=\"true\" \/>capacitacion@colfacor.org.ar<br aria-hidden=\"true\" \/>Web:\u00a0<a href=\"http:\/\/www.colfacor.org.ar\/\" target=\"_blank\" rel=\"noopener noreferrer\" data-auth=\"NotApplicable\" data-linkindex=\"0\">www.colfacor.org.ar<\/a><br aria-hidden=\"true\" \/>Tel. 0351-4249511 int. 230\/231<br aria-hidden=\"true\" \/>CUPOS LIMITADOS<br aria-hidden=\"true\" \/><br aria-hidden=\"true\" \/>\u2003<br aria-hidden=\"true\" \/><br aria-hidden=\"true\" \/><strong>TRASTORNOS DEL SUE\u00d1O:<\/strong><br aria-hidden=\"true\" \/><br aria-hidden=\"true\" \/>Director del curso y contenidos: Dr. Carlos Federico Buonanotte Profesor de Neurolog\u00eda de la Facultad de Ciencias M\u00e9dicas. Universidad Nacional de C\u00f3rdoba. Jefe de Neurolog\u00eda Sanatorio Allende. C\u00f3rdoba. Jefe de Neurolog\u00eda del Hospital Nacional de Cl\u00ednicas de C\u00f3rdoba. Ex Presidente de la Asociaci\u00f3n Latinoamericana de Cefaleas. Especialista en Neurolog\u00eda. Jefe del Departamento de Cefaleas del Hospital Cl\u00ednicas de C\u00f3rdoba.<br aria-hidden=\"true\" \/><br aria-hidden=\"true\" \/>Contenidos: Sue\u00f1o aspectos hist\u00f3ricos y culturales. Neurobiolog\u00eda. Ritmos Circadianos. Somnolencia y alerta durante el d\u00eda. Sue\u00f1o en los animales. La inactividad en acci\u00f3n. Manifestaciones cl\u00ednicas de los trastornos del sue\u00f1o.\u00a0 Clasificaci\u00f3n trastornos del sue\u00f1o. Sue\u00f1o en enfermedades neurol\u00f3gicas. Trastornos del sue\u00f1o en ni\u00f1os. Trastornos del sue\u00f1o en mujer. Trastornos de sue\u00f1o en adulto mayor. Memoria y sue\u00f1o. Sue\u00f1os. Qu\u00e9 papel juegan? Herramientas en el diagn\u00f3stico. Trastornos primarios el sue\u00f1o. Trastornos secundarios del sue\u00f1o. Hipersomnia. Parasomnias. Sue\u00f1o y alteraciones respiratorias. Manejo farmacol\u00f3gico. Estrategias no farmacol\u00f3gicas.<br aria-hidden=\"true\" \/><br aria-hidden=\"true\" \/><strong>Inicia: 23 de septiembre de 2022<\/strong><br aria-hidden=\"true\" \/><strong>Duraci\u00f3n: 7 semanas<\/strong><br aria-hidden=\"true\" \/><strong>Inversi\u00f3n: $6.900<\/strong><br aria-hidden=\"true\" \/><br aria-hidden=\"true\" \/>Este curso otorga cr\u00e9ditos para certificaci\u00f3n y recertificaci\u00f3n profesional.<br aria-hidden=\"true\" \/><br aria-hidden=\"true\" \/>Organiza: \u00c1rea de Capacitaci\u00f3n y Responsabilidad Social. Colegio de Farmac\u00e9uticos de la Provincia de C\u00f3rdoba.<br aria-hidden=\"true\" \/><br aria-hidden=\"true\" \/>Auspicia: Universidad Nacional de C\u00f3rdoba, Universidad Cat\u00f3lica de C\u00f3rdoba y\u00a0 Fundaci\u00f3n Farmac\u00e9utica para la Prevenci\u00f3n y Educaci\u00f3n en\u00a0<br aria-hidden=\"true\" \/>Salud Comunitaria (Fundaci\u00f3n PRESAC).<br aria-hidden=\"true\" \/><br aria-hidden=\"true\" \/>Informes e Inscripciones:<br aria-hidden=\"true\" \/>capacitacion@colfacor.org.ar<br aria-hidden=\"true\" \/>Web:\u00a0<a href=\"http:\/\/www.colfacor.org.ar\/\" target=\"_blank\" rel=\"noopener noreferrer\" data-auth=\"NotApplicable\" data-linkindex=\"1\">www.colfacor.org.ar<\/a><br aria-hidden=\"true\" \/>Tel. 0351-4249511 int. 230\/231<br aria-hidden=\"true\" \/>CUPOS LIMITADOS<br aria-hidden=\"true\" \/>\u2003<br aria-hidden=\"true\" \/><br aria-hidden=\"true\" \/><strong>MEDICAMENTOS BIOSIMILARES:<\/strong><br aria-hidden=\"true\" \/><br aria-hidden=\"true\" \/>Director del curso: Dr. Pablo Javier Espejo Licenciado en Qu\u00edmica Farmac\u00e9utica. Facultad de Ciencias Qu\u00edmicas, Universidad Nacional de C\u00f3rdoba. Magister en Biotecnolog\u00eda. Escuela de Ciencias Biol\u00f3gicas, Universidad de Edimburgo. Doctor en Ciencias Qu\u00edmicas. Facultad de Ciencias Qu\u00edmicas, Universidad Nacional de C\u00f3rdoba. Profesional Adjunto CONICET, Centro de investigaci\u00f3n y desarrollo en inmunolog\u00eda y enfermedades infecciosas-CIDIE. CONICET-UCC. Profesor adjunto. Laboratorio de Bioqu\u00edmica y Biolog\u00eda Molecular. Facultad de Medicina. Universidad Cat\u00f3lica de C\u00f3rdoba.<br aria-hidden=\"true\" \/><br aria-hidden=\"true\" \/>Prop\u00f3sito del curso:<br aria-hidden=\"true\" \/>Se procura introducir al profesional farmac\u00e9utico en los aspectos b\u00e1sicos y fundamentales de los medicamentos biosimilares. Este curso puede ser considerado una continuaci\u00f3n del curso \u201cFundamentos de Biotecnolog\u00eda Farmac\u00e9utica\u201d, en el cual se nombraron superficialmente medicamentos biosimilares, principalmente como ejemplos de producci\u00f3n local de medicamentos de origen biotecnol\u00f3gico. En consecuencia, en este curso se abordar\u00e1n en mayor profundidad la definici\u00f3n de biosimilares, su marco regulatorio y los diferentes requisitos que se deben cumplir para lograr el permiso de comercializaci\u00f3n de dichos productos. Con el objetivo de hacer posible la realizaci\u00f3n del curso para aquellas personas que no hayan cursado previamente \u201cFundamentos de Biotecnolog\u00eda Farmac\u00e9utica\u201d, se incorpora una clase inicial que contempla las caracter\u00edsticas b\u00e1sicas de los medicamentos producidos por t\u00e9cnicas de biotecnolog\u00eda moderna y las etapas m\u00e1s importantes del proceso productivo.<br aria-hidden=\"true\" \/><br aria-hidden=\"true\" \/>Contenidos: Estructura de prote\u00ednas. Etapas principales del proceso productivo de biof\u00e1rmacos. Ejemplos de biof\u00e1rmacos de uso terap\u00e9utico.\u00a0<br aria-hidden=\"true\" \/>Definiciones de gen\u00e9ricos y biosimilares. Marco regulatorio en Argentina y Europa. Etapas del proceso de aprobaci\u00f3n de biosimilares.\u00a0<br aria-hidden=\"true\" \/>Extrapolaci\u00f3n de indicaciones e intercambio terap\u00e9utico. Farmacovigilancia. Aspectos econ\u00f3micos relacionados a la producci\u00f3n y\u00a0<br aria-hidden=\"true\" \/>uso de biosimilares.<br aria-hidden=\"true\" \/><br aria-hidden=\"true\" \/><strong>Inicia: 23 de septiembre de 2022<\/strong><br aria-hidden=\"true\" \/><strong>Duraci\u00f3n: 5 semanas<\/strong><br aria-hidden=\"true\" \/><strong>Inversi\u00f3n: $5.900<\/strong><br aria-hidden=\"true\" \/><br aria-hidden=\"true\" \/>Este curso otorga cr\u00e9ditos para certificaci\u00f3n y recertificaci\u00f3n profesional.<br aria-hidden=\"true\" \/><br aria-hidden=\"true\" \/>Organiza: \u00c1rea de Capacitaci\u00f3n y Responsabilidad Social. Colegio de Farmac\u00e9uticos de la Provincia de C\u00f3rdoba.<br aria-hidden=\"true\" \/><br aria-hidden=\"true\" \/>Auspicia: Universidad Nacional de C\u00f3rdoba, Universidad Cat\u00f3lica de C\u00f3rdoba y\u00a0 Fundaci\u00f3n Farmac\u00e9utica para la Prevenci\u00f3n y Educaci\u00f3n en\u00a0<br aria-hidden=\"true\" \/>Salud Comunitaria (Fundaci\u00f3n PRESAC).<br aria-hidden=\"true\" \/><br aria-hidden=\"true\" \/>Informes e Inscripciones:<br aria-hidden=\"true\" \/>capacitacion@colfacor.org.ar<br aria-hidden=\"true\" \/>Web:\u00a0<a href=\"http:\/\/www.colfacor.org.ar\/\" target=\"_blank\" rel=\"noopener noreferrer\" data-auth=\"NotApplicable\" data-linkindex=\"2\">www.colfacor.org.ar<\/a><br aria-hidden=\"true\" \/>Tel. 0351-4249511 int. 230\/231<br aria-hidden=\"true\" \/>CUPOS LIMITADOS<br aria-hidden=\"true\" \/><br aria-hidden=\"true\" \/><br aria-hidden=\"true\" \/><strong>IMPORTANTE<\/strong>: Los profesionales farmac\u00e9uticos\/as asociados\/as al <strong>Colegio de Farmac\u00e9uticos de Corrientes (COFARCO) cuentan con un 20% de\u00a0<\/strong><br aria-hidden=\"true\" \/><strong>descuento en la inscripci\u00f3n de los cursos informados.<\/strong> Los farmac\u00e9uticos\/as interesados\/as deben enviar un mail (antes de las fechas de inicio de cada curso) a colfarmaceuticosctes@cofarco.com.ar con sus datos completos (Nombre y Apellido, DNI, Matr\u00edcula y mail personal de contacto) e indicar el curso que solicitan se los inscriba o comunicarse directamente a los n\u00fameros informados por el Colegio de C\u00f3rdoba.<br aria-hidden=\"true\" \/><br aria-hidden=\"true\" \/><br aria-hidden=\"true\" \/><img fetchpriority=\"high\" decoding=\"async\" class=\"alignnone size-medium wp-image-10272\" src=\"https:\/\/cofarco.com.ar\/ar\/wp-content\/uploads\/2022\/08\/portada_farmacovigilancia_22-764x400.png\" alt=\"\" width=\"764\" height=\"400\" \/> <img decoding=\"async\" class=\"alignnone size-medium wp-image-10274\" src=\"https:\/\/cofarco.com.ar\/ar\/wp-content\/uploads\/2022\/08\/portada_biosimilares_22-764x400.png\" alt=\"\" width=\"764\" height=\"400\" \/><\/p>\n","protected":false},"excerpt":{"rendered":"<p>El Colegio de Farmac\u00e9uticos de C\u00f3rdoba invita a participar de los curso on-line que iniciar\u00e1n el 16 y 23 de septiembre del 2.022:FARMACOVIGILANCIA PARA PERSONAL DE SALUD:Director del curso y contenidos: Mag. Bioq. Farm. Elbio Am\u00e9rico Costa Bioqu\u00edmico (Universidad Nacional del Litoral); Farmac\u00e9utico (Universidad Nacional de Rosario); M\u00e1ster en e-learning (Universidad de Sevilla). Formaci\u00f3n de [&#8230;]\n","protected":false},"author":2,"featured_media":0,"comment_status":"open","ping_status":"open","sticky":false,"template":"","format":"standard","meta":{"footnotes":""},"categories":[68],"tags":[],"class_list":["post-10271","post","type-post","status-publish","format-standard","hentry","category-cursos"],"_links":{"self":[{"href":"https:\/\/cofarco.com.ar\/ar\/wp-json\/wp\/v2\/posts\/10271","targetHints":{"allow":["GET"]}}],"collection":[{"href":"https:\/\/cofarco.com.ar\/ar\/wp-json\/wp\/v2\/posts"}],"about":[{"href":"https:\/\/cofarco.com.ar\/ar\/wp-json\/wp\/v2\/types\/post"}],"author":[{"embeddable":true,"href":"https:\/\/cofarco.com.ar\/ar\/wp-json\/wp\/v2\/users\/2"}],"replies":[{"embeddable":true,"href":"https:\/\/cofarco.com.ar\/ar\/wp-json\/wp\/v2\/comments?post=10271"}],"version-history":[{"count":1,"href":"https:\/\/cofarco.com.ar\/ar\/wp-json\/wp\/v2\/posts\/10271\/revisions"}],"predecessor-version":[{"id":10275,"href":"https:\/\/cofarco.com.ar\/ar\/wp-json\/wp\/v2\/posts\/10271\/revisions\/10275"}],"wp:attachment":[{"href":"https:\/\/cofarco.com.ar\/ar\/wp-json\/wp\/v2\/media?parent=10271"}],"wp:term":[{"taxonomy":"category","embeddable":true,"href":"https:\/\/cofarco.com.ar\/ar\/wp-json\/wp\/v2\/categories?post=10271"},{"taxonomy":"post_tag","embeddable":true,"href":"https:\/\/cofarco.com.ar\/ar\/wp-json\/wp\/v2\/tags?post=10271"}],"curies":[{"name":"wp","href":"https:\/\/api.w.org\/{rel}","templated":true}]}}