{"id":1030,"date":"2016-10-11T10:54:30","date_gmt":"2016-10-11T13:54:30","guid":{"rendered":"http:\/\/www.cofarco.com.ar\/?p=1030"},"modified":"2016-10-11T10:54:30","modified_gmt":"2016-10-11T13:54:30","slug":"convenio-con-la-universidad-de-la-cuenca-del-plata-para-practicas-profesionales","status":"publish","type":"post","link":"https:\/\/cofarco.com.ar\/ar\/2016\/10\/11\/convenio-con-la-universidad-de-la-cuenca-del-plata-para-practicas-profesionales\/","title":{"rendered":"Convenio con la Universidad de la Cuenca del Plata para pr\u00e1cticas profesionales"},"content":{"rendered":"<p>&nbsp;<\/p>\n<p>El Colegio de Farmac\u00e9uticos de la Provincia de Corrientes (Cofarco), representado por su presidente, la farmac\u00e9utica Silvia Rodr\u00edguez, firm\u00f3 un convenio espec\u00edfico para la realizaci\u00f3n de pr\u00e1cticas profesionales supervisadas de grado, con la Facultad de Ingenier\u00eda y Tecnolog\u00eda de la Universidad de la Cuenca del Plata.<\/p>\n<p>El convenio se sell\u00f3 el viernes 30 de septiembre en las instalaciones de la casa de altos estudios, entidad que estuvo representada por su decana organizadora, licenciada Mar\u00eda Teresa S\u00e1nchez. Tambi\u00e9n participaron en nombre de la entidad colegiada, las farmac\u00e9uticas Sandra Elena Flores, vicepresidenta del Colegio, y Desir\u00e9 Lancelle Monferrer, tesorera.<\/p>\n<p>El objeto del acuerdo es el de posibilitar a los alumnos a que realicen en el Colegio de Farmac\u00e9uticos sus pr\u00e1cticas profesionales, establecidas como requisitos acad\u00e9micos dentro del correspondiente Plan de Estudio de la <strong>carrera de Farmacia.<\/strong><\/p>\n<p>Asimismo, la pr\u00e1ctica profesional supervisada pretende como objetivos respecto del estudiante generar espacios espec\u00edficos de formaci\u00f3n pr\u00e1ctica supervisada para el ejercicio de la actividad profesional, propiciar el despliegue de competencias que permitan al profesional en formaci\u00f3n resolver situaciones profesionales reales, brindar el espacio institucional adecuado y pertinente para la identificaci\u00f3n, an\u00e1lisis, y reflexi\u00f3n acerca de los procesos disciplinares y personales implicados en el ejercicio de una pr\u00e1ctica en contexto, y favorecer el proceso de resignificaci\u00f3n de la realidad social y profesional.<\/p>\n<p>El tiempo de duraci\u00f3n del presente convenio ser\u00e1 de 1 (un) a\u00f1o, contados a partir de la firma del mismo y tendr\u00e1 reconducci\u00f3n t\u00e1cita por per\u00edodos anuales, siempre y cuando alguna de las partes no hiciera denuncia del mismo con una antelaci\u00f3n de 3 (tres) meses.<\/p>\n<p><img fetchpriority=\"high\" decoding=\"async\" class=\"alignnone size-medium wp-image-1032\" src=\"https:\/\/cofarco.com.ar\/ar\/wp-content\/uploads\/2016\/10\/IMG_3856-300x169.jpg\" alt=\"img_3856\" width=\"300\" height=\"169\" \/> <img decoding=\"async\" class=\"alignnone size-medium wp-image-1034\" src=\"https:\/\/cofarco.com.ar\/ar\/wp-content\/uploads\/2016\/10\/IMG_3854-300x169.jpg\" alt=\"img_3854\" width=\"300\" height=\"169\" \/><\/p>\n","protected":false},"excerpt":{"rendered":"<p>&nbsp; El Colegio de Farmac\u00e9uticos de la Provincia de Corrientes (Cofarco), representado por su presidente, la farmac\u00e9utica Silvia Rodr\u00edguez, firm\u00f3 un convenio espec\u00edfico para la realizaci\u00f3n de pr\u00e1cticas profesionales supervisadas de grado, con la Facultad de Ingenier\u00eda y Tecnolog\u00eda de la Universidad de la Cuenca del Plata. El convenio se sell\u00f3 el viernes 30 de [&#8230;]\n","protected":false},"author":2,"featured_media":0,"comment_status":"open","ping_status":"open","sticky":false,"template":"","format":"standard","meta":{"footnotes":""},"categories":[71],"tags":[],"class_list":["post-1030","post","type-post","status-publish","format-standard","hentry","category-noticias"],"_links":{"self":[{"href":"https:\/\/cofarco.com.ar\/ar\/wp-json\/wp\/v2\/posts\/1030","targetHints":{"allow":["GET"]}}],"collection":[{"href":"https:\/\/cofarco.com.ar\/ar\/wp-json\/wp\/v2\/posts"}],"about":[{"href":"https:\/\/cofarco.com.ar\/ar\/wp-json\/wp\/v2\/types\/post"}],"author":[{"embeddable":true,"href":"https:\/\/cofarco.com.ar\/ar\/wp-json\/wp\/v2\/users\/2"}],"replies":[{"embeddable":true,"href":"https:\/\/cofarco.com.ar\/ar\/wp-json\/wp\/v2\/comments?post=1030"}],"version-history":[{"count":0,"href":"https:\/\/cofarco.com.ar\/ar\/wp-json\/wp\/v2\/posts\/1030\/revisions"}],"wp:attachment":[{"href":"https:\/\/cofarco.com.ar\/ar\/wp-json\/wp\/v2\/media?parent=1030"}],"wp:term":[{"taxonomy":"category","embeddable":true,"href":"https:\/\/cofarco.com.ar\/ar\/wp-json\/wp\/v2\/categories?post=1030"},{"taxonomy":"post_tag","embeddable":true,"href":"https:\/\/cofarco.com.ar\/ar\/wp-json\/wp\/v2\/tags?post=1030"}],"curies":[{"name":"wp","href":"https:\/\/api.w.org\/{rel}","templated":true}]}}