{"id":1060,"date":"2016-10-25T16:06:25","date_gmt":"2016-10-25T19:06:25","guid":{"rendered":"http:\/\/www.cofarco.com.ar\/?p=1060"},"modified":"2016-10-25T16:06:25","modified_gmt":"2016-10-25T19:06:25","slug":"cofa","status":"publish","type":"post","link":"https:\/\/cofarco.com.ar\/ar\/2016\/10\/25\/cofa\/","title":{"rendered":"COFA"},"content":{"rendered":"<p>El Colegio de Corrientes, presente en la reuni\u00f3n de Asuntos Profesionales<\/p>\n<p>&nbsp;<\/p>\n<p>El Colegio de Farmac\u00e9uticos de Corrientes particip\u00f3 de la reuni\u00f3n de asuntos profesionales del pa\u00eds que realiz\u00f3 la Confederaci\u00f3n Farmac\u00e9utica Argentina (COFA) el pasado 18 de octubre. Adem\u00e1s, estuvieron representantes de Tucum\u00e1n, Rosario, Capital Federal, Buenos Aires, Jujuy, Salta, Chaco, San Luis, San Juan, C\u00f3rdoba, Rio Negro y Entre R\u00edos.<\/p>\n<p>El encuentro estuvo encabezado por el director de dicha Comisi\u00f3n, Jos\u00e9 Ruggieri. En representaci\u00f3n del Colegio de Farmac\u00e9uticos de Corrientes participaron las farmac\u00e9uticas Sandra Elena Flores\u00a0y Sandra Griselda Canteros.<\/p>\n<p>Unos de los temas que se abord\u00f3 fue el llamado del Ministerio de Salud de la Naci\u00f3n en el que solicit\u00f3 acompa\u00f1amiento en una campa\u00f1a nacional por el dengue, zika y chikungunya, la cual fue presentada por el Dr. Ra\u00fal Forrense, \u00a0enviado por la cartera sanitaria nacional. Luego de realizar una introducci\u00f3n al tema, pidi\u00f3 el acompa\u00f1amiento y la participaci\u00f3n activa\u00a0 de las farmacias en la difusi\u00f3n del peligro de dichas enfermedades a trav\u00e9s de folletos o alg\u00fan otro soporte que se pueda exhibir en los lugares donde no haya mucha posibilidad de difusi\u00f3n de la problem\u00e1tica, sus causas y modos de prevenci\u00f3n.<\/p>\n<p>&nbsp;<\/p>\n<p><img fetchpriority=\"high\" decoding=\"async\" class=\"alignnone size-medium wp-image-1061\" src=\"https:\/\/cofarco.com.ar\/ar\/wp-content\/uploads\/2016\/10\/WhatsApp-Image-2016-10-25-at-16.00.47-300x169.jpeg\" alt=\"whatsapp-image-2016-10-25-at-16-00-47\" width=\"300\" height=\"169\" \/> <img decoding=\"async\" class=\"alignnone size-medium wp-image-1062\" src=\"https:\/\/cofarco.com.ar\/ar\/wp-content\/uploads\/2016\/10\/WhatsApp-Image-2016-10-25-at-16.01.01-300x169.jpeg\" alt=\"whatsapp-image-2016-10-25-at-16-01-01\" width=\"300\" height=\"169\" \/> <img decoding=\"async\" class=\"alignnone size-medium wp-image-1063\" src=\"https:\/\/cofarco.com.ar\/ar\/wp-content\/uploads\/2016\/10\/WhatsApp-Image-2016-10-25-at-16.01.17-300x169.jpeg\" alt=\"whatsapp-image-2016-10-25-at-16-01-17\" width=\"300\" height=\"169\" \/><\/p>\n","protected":false},"excerpt":{"rendered":"<p>El Colegio de Corrientes, presente en la reuni\u00f3n de Asuntos Profesionales &nbsp; El Colegio de Farmac\u00e9uticos de Corrientes particip\u00f3 de la reuni\u00f3n de asuntos profesionales del pa\u00eds que realiz\u00f3 la Confederaci\u00f3n Farmac\u00e9utica Argentina (COFA) el pasado 18 de octubre. Adem\u00e1s, estuvieron representantes de Tucum\u00e1n, Rosario, Capital Federal, Buenos Aires, Jujuy, Salta, Chaco, San Luis, San [&#8230;]\n","protected":false},"author":2,"featured_media":0,"comment_status":"open","ping_status":"open","sticky":false,"template":"","format":"standard","meta":{"footnotes":""},"categories":[71],"tags":[],"class_list":["post-1060","post","type-post","status-publish","format-standard","hentry","category-noticias"],"_links":{"self":[{"href":"https:\/\/cofarco.com.ar\/ar\/wp-json\/wp\/v2\/posts\/1060","targetHints":{"allow":["GET"]}}],"collection":[{"href":"https:\/\/cofarco.com.ar\/ar\/wp-json\/wp\/v2\/posts"}],"about":[{"href":"https:\/\/cofarco.com.ar\/ar\/wp-json\/wp\/v2\/types\/post"}],"author":[{"embeddable":true,"href":"https:\/\/cofarco.com.ar\/ar\/wp-json\/wp\/v2\/users\/2"}],"replies":[{"embeddable":true,"href":"https:\/\/cofarco.com.ar\/ar\/wp-json\/wp\/v2\/comments?post=1060"}],"version-history":[{"count":0,"href":"https:\/\/cofarco.com.ar\/ar\/wp-json\/wp\/v2\/posts\/1060\/revisions"}],"wp:attachment":[{"href":"https:\/\/cofarco.com.ar\/ar\/wp-json\/wp\/v2\/media?parent=1060"}],"wp:term":[{"taxonomy":"category","embeddable":true,"href":"https:\/\/cofarco.com.ar\/ar\/wp-json\/wp\/v2\/categories?post=1060"},{"taxonomy":"post_tag","embeddable":true,"href":"https:\/\/cofarco.com.ar\/ar\/wp-json\/wp\/v2\/tags?post=1060"}],"curies":[{"name":"wp","href":"https:\/\/api.w.org\/{rel}","templated":true}]}}