{"id":11008,"date":"2022-11-01T09:54:39","date_gmt":"2022-11-01T12:54:39","guid":{"rendered":"https:\/\/cofarco.com.ar\/ar\/?p=11008"},"modified":"2022-11-03T08:46:27","modified_gmt":"2022-11-03T11:46:27","slug":"jornada-de-farmacia-y-bioquimica-de-corrientes","status":"publish","type":"post","link":"https:\/\/cofarco.com.ar\/ar\/2022\/11\/01\/jornada-de-farmacia-y-bioquimica-de-corrientes\/","title":{"rendered":"1\u00b0 Jornada de Farmacia y Bioqu\u00edmica de Corrientes: &#8220;Un mundo de incumbencias&#8221;"},"content":{"rendered":"<p>Estimados Colegas:<\/p>\n<p style=\"text-align: justify;\">Junto con el Colegio de Bioqu\u00edmicos de la Provincia de Corrientes, realizaremos la 1\u00b0 Jornada de Farmacia y Bioqu\u00edmicos de Corrientes bajo el lema: &#8220;Un mundo de incumbencias&#8221;.<\/p>\n<p>Est\u00e1 dirigido a Profesionales Farmac\u00e9uticos y Bioqu\u00edmicos y estudiantes del \u00faltimo a\u00f1o de ambas carreras.<\/p>\n<p style=\"text-align: justify;\">Este evento se realizar\u00e1 con la modalidad presencial el d\u00eda Viernes 25 de Noviembre de 11 a 20hs y el S\u00e1bado 26 de Noviembre de 10 a 13hs en el sal\u00f3n del Colegio de Farmac\u00e9uticos de Corrientes ubicado en Santa Fe 1186.<\/p>\n<p>Inversi\u00f3n: Sin Costo<br \/>\nLink de Inscripci\u00f3n: <strong><a href=\"https:\/\/bit.ly\/3FQJRsv\">https:\/\/bit.ly\/3FQJRsv\u00a0<\/a><\/strong><\/p>\n<p><img fetchpriority=\"high\" decoding=\"async\" class=\"size-medium wp-image-11028 aligncenter\" src=\"https:\/\/cofarco.com.ar\/ar\/wp-content\/uploads\/2022\/11\/Cronograma-1\u00b0-Jornada-de-Farmacia-y-Bioquimica-de-Ctes-400x400.jpg\" alt=\"\" width=\"400\" height=\"400\" \/><\/p>\n<p>&nbsp;<\/p>\n","protected":false},"excerpt":{"rendered":"<p>Estimados Colegas: Junto con el Colegio de Bioqu\u00edmicos de la Provincia de Corrientes, realizaremos la 1\u00b0 Jornada de Farmacia y Bioqu\u00edmicos de Corrientes bajo el lema: &#8220;Un mundo de incumbencias&#8221;. Est\u00e1 dirigido a Profesionales Farmac\u00e9uticos y Bioqu\u00edmicos y estudiantes del \u00faltimo a\u00f1o de ambas carreras. Este evento se realizar\u00e1 con la modalidad presencial el d\u00eda [&#8230;]\n","protected":false},"author":2,"featured_media":0,"comment_status":"open","ping_status":"open","sticky":false,"template":"","format":"standard","meta":{"footnotes":""},"categories":[68],"tags":[],"class_list":["post-11008","post","type-post","status-publish","format-standard","hentry","category-cursos"],"_links":{"self":[{"href":"https:\/\/cofarco.com.ar\/ar\/wp-json\/wp\/v2\/posts\/11008","targetHints":{"allow":["GET"]}}],"collection":[{"href":"https:\/\/cofarco.com.ar\/ar\/wp-json\/wp\/v2\/posts"}],"about":[{"href":"https:\/\/cofarco.com.ar\/ar\/wp-json\/wp\/v2\/types\/post"}],"author":[{"embeddable":true,"href":"https:\/\/cofarco.com.ar\/ar\/wp-json\/wp\/v2\/users\/2"}],"replies":[{"embeddable":true,"href":"https:\/\/cofarco.com.ar\/ar\/wp-json\/wp\/v2\/comments?post=11008"}],"version-history":[{"count":4,"href":"https:\/\/cofarco.com.ar\/ar\/wp-json\/wp\/v2\/posts\/11008\/revisions"}],"predecessor-version":[{"id":11029,"href":"https:\/\/cofarco.com.ar\/ar\/wp-json\/wp\/v2\/posts\/11008\/revisions\/11029"}],"wp:attachment":[{"href":"https:\/\/cofarco.com.ar\/ar\/wp-json\/wp\/v2\/media?parent=11008"}],"wp:term":[{"taxonomy":"category","embeddable":true,"href":"https:\/\/cofarco.com.ar\/ar\/wp-json\/wp\/v2\/categories?post=11008"},{"taxonomy":"post_tag","embeddable":true,"href":"https:\/\/cofarco.com.ar\/ar\/wp-json\/wp\/v2\/tags?post=11008"}],"curies":[{"name":"wp","href":"https:\/\/api.w.org\/{rel}","templated":true}]}}