{"id":11192,"date":"2022-11-17T09:11:13","date_gmt":"2022-11-17T12:11:13","guid":{"rendered":"https:\/\/cofarco.com.ar\/ar\/?p=11192"},"modified":"2022-11-17T09:11:13","modified_gmt":"2022-11-17T12:11:13","slug":"convocatoria-asamblea-general-ordinaria-2","status":"publish","type":"post","link":"https:\/\/cofarco.com.ar\/ar\/2022\/11\/17\/convocatoria-asamblea-general-ordinaria-2\/","title":{"rendered":"Convocatoria \u2013 Asamblea General Ordinaria"},"content":{"rendered":"<p>De acuerdo a lo resuelto en reuni\u00f3n del d\u00eda <strong>12 de Octubre de 2.022<\/strong>, el Directorio del Colegio de Farmac\u00e9uticos de la Provincia de Corrientes, convoca a los se\u00f1ores asociados a la <strong>ASAMBLEA GENERAL ORDINARIA<\/strong>, a realizarse en la sede de la instituci\u00f3n, sita en calle Santa Fe N\u00ba 1.186 de esta ciudad, el d\u00eda Viernes 02 de Diciembre de 2.022, a las veinte (20:00) horas en primera citaci\u00f3n, y en supuesto caso de no obtenerse qu\u00f3rum a la hora de la primera citaci\u00f3n, se dar\u00e1 inicio una hora despu\u00e9s, es decir a las veinti\u00fan (21:00) horas en segunda convocatoria con los asociados presentes, cualquiera sea su n\u00famero (art\u00edculo 25), con el objeto de tratar el siguiente:<\/p>\n<p><strong>ORDEN DEL DIA<\/strong><\/p>\n<p>1-\u00a0 \u00a0 \u00a0 Designaci\u00f3n de dos (2) socios para firmar el Acta en representaci\u00f3n de la Asamblea, conjuntamente con la Presidente y Secretaria.-<\/p>\n<p>2-\u00a0 \u00a0 \u00a0 Consideraci\u00f3n, tratamiento, aprobaci\u00f3n o modificaci\u00f3n de la memoria, balance general del ejercicio vencido, inventario, cuentas de gastos y recursos e informe del \u00d3rgano de Fiscalizaci\u00f3n del ejercicio econ\u00f3mico N\u00b0 79 (periodo 01 de Agosto del 2.021 al 31 de Julio del 2.022); copia de dicha documentaci\u00f3n se hallar\u00e1 a disposici\u00f3n y consideraci\u00f3n de los asociados con diez (10) d\u00edas de antelaci\u00f3n a la fecha fijada para la celebraci\u00f3n de la Asamblea para ser retirado en la sede de la Instituci\u00f3n.<\/p>\n<p>3-\u00a0 \u00a0 \u00a0 Convocatoria a elecciones de renovaci\u00f3n parcial de autoridades para ocupar los siguientes cargos: Presidente, Secretaria, Vocal Titular 1\u00ba, Vocal Titular 3\u00b0, Vocal Suplente 2\u00ba y un miembro del \u00d3rgano de Fiscalizaci\u00f3n por finalizaci\u00f3n de mandatos y por el t\u00e9rmino de dos (2) a\u00f1os, y un Vocal Suplente 1\u00b0 por renuncia y por el t\u00e9rmino de un (1) a\u00f1o.<br \/>\n<br aria-hidden=\"true\" \/><br aria-hidden=\"true\" \/><br aria-hidden=\"true\" \/>\u00a0\u00a0\u00a0\u00a0\u00a0\u00a0\u00a0\u00a0\u00a0\u00a0\u00a0\u00a0\u00a0\u00a0\u00a0\u00a0\u00a0 Farm. Diana Sonia GRILLI\u00a0\u00a0\u00a0\u00a0\u00a0\u00a0\u00a0\u00a0\u00a0\u00a0\u00a0\u00a0\u00a0 Farm. Desir\u00e9e LANCELLE MONFERRER<br aria-hidden=\"true\" \/><strong>\u00a0\u00a0\u00a0\u00a0\u00a0\u00a0\u00a0\u00a0\u00a0\u00a0\u00a0\u00a0\u00a0\u00a0\u00a0\u00a0\u00a0\u00a0\u00a0\u00a0\u00a0\u00a0\u00a0\u00a0 Secretaria\u00a0 \u00a0 \u00a0 \u00a0 \u00a0 \u00a0 \u00a0 \u00a0 \u00a0 \u00a0 \u00a0 \u00a0 \u00a0 \u00a0 \u00a0 \u00a0 \u00a0 \u00a0 \u00a0 \u00a0 \u00a0 \u00a0 \u00a0 \u00a0 \u00a0 \u00a0 \u00a0 \u00a0Presidente<\/strong><br aria-hidden=\"true\" \/><br aria-hidden=\"true\" \/><br aria-hidden=\"true\" \/><br aria-hidden=\"true\" \/>Santa F\u00e9 1.186-TE 0379-4425707\/4426749-colfarmaceuticosctes@cofarco.com.ar 3400 CORRIENTES<\/p>\n\n<div class=\"gde-error\">GDE Error: Error al recuperar el fichero. Si es necesario, desactiva la comprobaci\u00f3n de errores (404:Not Found)<\/div>\n\n","protected":false},"excerpt":{"rendered":"<p>De acuerdo a lo resuelto en reuni\u00f3n del d\u00eda 12 de Octubre de 2.022, el Directorio del Colegio de Farmac\u00e9uticos de la Provincia de Corrientes, convoca a los se\u00f1ores asociados a la ASAMBLEA GENERAL ORDINARIA, a realizarse en la sede de la instituci\u00f3n, sita en calle Santa Fe N\u00ba 1.186 de esta ciudad, el d\u00eda [&#8230;]\n","protected":false},"author":2,"featured_media":2023,"comment_status":"open","ping_status":"open","sticky":false,"template":"","format":"standard","meta":{"footnotes":""},"categories":[71],"tags":[],"class_list":["post-11192","post","type-post","status-publish","format-standard","has-post-thumbnail","hentry","category-noticias"],"_links":{"self":[{"href":"https:\/\/cofarco.com.ar\/ar\/wp-json\/wp\/v2\/posts\/11192","targetHints":{"allow":["GET"]}}],"collection":[{"href":"https:\/\/cofarco.com.ar\/ar\/wp-json\/wp\/v2\/posts"}],"about":[{"href":"https:\/\/cofarco.com.ar\/ar\/wp-json\/wp\/v2\/types\/post"}],"author":[{"embeddable":true,"href":"https:\/\/cofarco.com.ar\/ar\/wp-json\/wp\/v2\/users\/2"}],"replies":[{"embeddable":true,"href":"https:\/\/cofarco.com.ar\/ar\/wp-json\/wp\/v2\/comments?post=11192"}],"version-history":[{"count":1,"href":"https:\/\/cofarco.com.ar\/ar\/wp-json\/wp\/v2\/posts\/11192\/revisions"}],"predecessor-version":[{"id":11193,"href":"https:\/\/cofarco.com.ar\/ar\/wp-json\/wp\/v2\/posts\/11192\/revisions\/11193"}],"wp:featuredmedia":[{"embeddable":true,"href":"https:\/\/cofarco.com.ar\/ar\/wp-json\/wp\/v2\/media\/2023"}],"wp:attachment":[{"href":"https:\/\/cofarco.com.ar\/ar\/wp-json\/wp\/v2\/media?parent=11192"}],"wp:term":[{"taxonomy":"category","embeddable":true,"href":"https:\/\/cofarco.com.ar\/ar\/wp-json\/wp\/v2\/categories?post=11192"},{"taxonomy":"post_tag","embeddable":true,"href":"https:\/\/cofarco.com.ar\/ar\/wp-json\/wp\/v2\/tags?post=11192"}],"curies":[{"name":"wp","href":"https:\/\/api.w.org\/{rel}","templated":true}]}}