{"id":11262,"date":"2022-11-23T09:57:07","date_gmt":"2022-11-23T12:57:07","guid":{"rendered":"https:\/\/cofarco.com.ar\/ar\/?p=11262"},"modified":"2022-11-23T10:12:48","modified_gmt":"2022-11-23T13:12:48","slug":"jornada-de-farmacia-y-bioquimica-de-corrientes-2","status":"publish","type":"post","link":"https:\/\/cofarco.com.ar\/ar\/2022\/11\/23\/jornada-de-farmacia-y-bioquimica-de-corrientes-2\/","title":{"rendered":"IMPORTANTE: CAMBIO DE LUGAR de la 1\u00b0 Jornada de Farmacia y Bioqu\u00edmica de Corrientes: &#8220;Un mundo de incumbencias&#8221;"},"content":{"rendered":"<p>Estimados Colegas:<\/p>\n<p style=\"text-align: justify;\">Informamos que se realiz\u00f3 un\u00a0<strong>cambio de sede<\/strong>\u00a0donde se desarrollar\u00e1 la 1\u00b0 Jornada de Farmacia y Bioqu\u00edmicos de Corrientes bajo el lema: &#8220;<em>Un mundo de incumbencias<\/em>&#8220;. El mismo ser\u00e1 en el\u00a0<strong>Sal\u00f3n Auditorio del Hospital de Campa\u00f1a de Corrientes ubicado en Av. Pedro Ferr\u00e9 2755<\/strong>, ingreso por la entrada principal.<\/p>\n<p>Este evento se realizar\u00e1 con la modalidad presencial el d\u00eda Viernes 25 de Noviembre de 11 a 20hs y el S\u00e1bado 26 de Noviembre de 10 a 13hs. Est\u00e1 dirigido a Profesionales Farmac\u00e9uticos y Bioqu\u00edmicos y estudiantes del \u00faltimo a\u00f1o de ambas carreras<\/p>\n<p>Inversi\u00f3n: Sin Costo<br \/>\nLink de Inscripci\u00f3n: <strong><a href=\"https:\/\/bit.ly\/3FQJRsv\">https:\/\/bit.ly\/3FQJRsv\u00a0<\/a><\/strong><\/p>\n<p><img fetchpriority=\"high\" decoding=\"async\" class=\"size-medium wp-image-11028 aligncenter\" src=\"https:\/\/cofarco.com.ar\/ar\/wp-content\/uploads\/2022\/11\/Cronograma-1\u00b0-Jornada-de-Farmacia-y-Bioquimica-de-Ctes-400x400.jpg\" alt=\"\" width=\"400\" height=\"400\" \/><\/p>\n<p>&nbsp;<\/p>\n","protected":false},"excerpt":{"rendered":"<p>Estimados Colegas: Informamos que se realiz\u00f3 un\u00a0cambio de sede\u00a0donde se desarrollar\u00e1 la 1\u00b0 Jornada de Farmacia y Bioqu\u00edmicos de Corrientes bajo el lema: &#8220;Un mundo de incumbencias&#8220;. El mismo ser\u00e1 en el\u00a0Sal\u00f3n Auditorio del Hospital de Campa\u00f1a de Corrientes ubicado en Av. Pedro Ferr\u00e9 2755, ingreso por la entrada principal. Este evento se realizar\u00e1 con [&#8230;]\n","protected":false},"author":2,"featured_media":0,"comment_status":"open","ping_status":"open","sticky":false,"template":"","format":"standard","meta":{"footnotes":""},"categories":[68],"tags":[],"class_list":["post-11262","post","type-post","status-publish","format-standard","hentry","category-cursos"],"_links":{"self":[{"href":"https:\/\/cofarco.com.ar\/ar\/wp-json\/wp\/v2\/posts\/11262","targetHints":{"allow":["GET"]}}],"collection":[{"href":"https:\/\/cofarco.com.ar\/ar\/wp-json\/wp\/v2\/posts"}],"about":[{"href":"https:\/\/cofarco.com.ar\/ar\/wp-json\/wp\/v2\/types\/post"}],"author":[{"embeddable":true,"href":"https:\/\/cofarco.com.ar\/ar\/wp-json\/wp\/v2\/users\/2"}],"replies":[{"embeddable":true,"href":"https:\/\/cofarco.com.ar\/ar\/wp-json\/wp\/v2\/comments?post=11262"}],"version-history":[{"count":2,"href":"https:\/\/cofarco.com.ar\/ar\/wp-json\/wp\/v2\/posts\/11262\/revisions"}],"predecessor-version":[{"id":11265,"href":"https:\/\/cofarco.com.ar\/ar\/wp-json\/wp\/v2\/posts\/11262\/revisions\/11265"}],"wp:attachment":[{"href":"https:\/\/cofarco.com.ar\/ar\/wp-json\/wp\/v2\/media?parent=11262"}],"wp:term":[{"taxonomy":"category","embeddable":true,"href":"https:\/\/cofarco.com.ar\/ar\/wp-json\/wp\/v2\/categories?post=11262"},{"taxonomy":"post_tag","embeddable":true,"href":"https:\/\/cofarco.com.ar\/ar\/wp-json\/wp\/v2\/tags?post=11262"}],"curies":[{"name":"wp","href":"https:\/\/api.w.org\/{rel}","templated":true}]}}