{"id":1130,"date":"2016-12-01T10:57:55","date_gmt":"2016-12-01T13:57:55","guid":{"rendered":"http:\/\/www.cofarco.com.ar\/?p=1130"},"modified":"2016-12-01T10:57:55","modified_gmt":"2016-12-01T13:57:55","slug":"convocatoria-a-la-asamblea-general-ordinaria","status":"publish","type":"post","link":"https:\/\/cofarco.com.ar\/ar\/2016\/12\/01\/convocatoria-a-la-asamblea-general-ordinaria\/","title":{"rendered":"Convocatoria a la Asamblea General Ordinaria"},"content":{"rendered":"<p>El Directorio del Colegio de Farmac\u00e9uticos de la Provincia de Corrientes, convoca a los se\u00f1ores asociados<\/p>\n<p>A la Asamblea General Ordinaria, que se celebrar\u00e1 en la sede de la Instituci\u00f3n, sita en calle Santa F\u00e9 N\u00b0 1.186,<\/p>\n<p>De esta ciudad, el dia 16 de diciembre de 2.016 a las 20 horas, para tratar el siguiente:<\/p>\n<p>&nbsp;<\/p>\n<p>&nbsp;<\/p>\n<p>&nbsp;<\/p>\n<p>ORDEN DEL DIA<\/p>\n<p>&nbsp;<\/p>\n<p>&nbsp;<\/p>\n<p>&nbsp;<\/p>\n<p>1-\u00a0\u00a0\u00a0\u00a0 Designaci\u00f3n de dos (2) socios para firmar el Acta en representaci\u00f3n de la Asamblea.-<\/p>\n<p>2-\u00a0\u00a0\u00a0\u00a0 Lectura y consideraci\u00f3n de la Memoria, Balance General, Inventario, Cuentas de Gastos e Informe del Organo de Fiscalizaci\u00f3n.-<\/p>\n<p>3-\u00a0\u00a0\u00a0\u00a0 Renovaci\u00f3n parcial del Directorio, Elecci\u00f3n de un Presidente, Un Secretario, un Vocal Titular 1\u00b0, un Vocal Titular 3\u00b0, un Vocal Suplente 2\u00b0, un Integrante del Organo de Fiscalizaci\u00f3n, por finalizaci\u00f3n de mandatos y por el t\u00e9rmino de dos (2) a\u00f1os. Un Tesorero\/a por renuncia y por el t\u00e9rmino de un (1) a\u00f1o.-<\/p>\n<p>&nbsp;<\/p>\n<p>&nbsp;<\/p>\n<p>&nbsp;<\/p>\n<p>&nbsp;<\/p>\n<p>&nbsp;<\/p>\n<p>&nbsp;<\/p>\n<p>&nbsp;<\/p>\n<p>&nbsp;<\/p>\n<p>&nbsp;<\/p>\n<p>Gerardo A. Fridman\u00a0\u00a0\u00a0\u00a0\u00a0\u00a0\u00a0\u00a0\u00a0\u00a0\u00a0\u00a0 \u00a0\u00a0\u00a0\u00a0\u00a0\u00a0\u00a0\u00a0\u00a0\u00a0\u00a0\u00a0\u00a0\u00a0\u00a0\u00a0\u00a0\u00a0\u00a0\u00a0\u00a0\u00a0\u00a0\u00a0\u00a0\u00a0\u00a0\u00a0\u00a0\u00a0\u00a0\u00a0\u00a0Silvia C. Rodr\u00edguez<\/p>\n<p>Secretario\u00a0\u00a0\u00a0\u00a0\u00a0\u00a0\u00a0\u00a0\u00a0\u00a0\u00a0\u00a0\u00a0\u00a0\u00a0\u00a0\u00a0\u00a0\u00a0\u00a0\u00a0\u00a0\u00a0\u00a0\u00a0\u00a0\u00a0\u00a0\u00a0\u00a0\u00a0\u00a0\u00a0\u00a0\u00a0\u00a0\u00a0\u00a0\u00a0\u00a0\u00a0\u00a0\u00a0\u00a0\u00a0\u00a0\u00a0\u00a0\u00a0\u00a0\u00a0\u00a0\u00a0\u00a0\u00a0\u00a0\u00a0\u00a0\u00a0 Presidente\u00a0\u00a0\u00a0\u00a0\u00a0\u00a0\u00a0\u00a0\u00a0\u00a0\u00a0\u00a0\u00a0\u00a0\u00a0\u00a0\u00a0\u00a0\u00a0 <u>\u00a0\u00a0\u00a0\u00a0\u00a0\u00a0\u00a0\u00a0\u00a0\u00a0<\/u><\/p>\n<p>Colegio de Farmac\u00e9uticos de Corrientes\u00a0\u00a0\u00a0\u00a0\u00a0\u00a0\u00a0\u00a0\u00a0\u00a0 \u00a0\u00a0Colegio de Farmac\u00e9uticos de Corrientes<u>\u00a0<\/u><\/p>\n<p>&nbsp;<\/p>\n<p>&nbsp;<\/p>\n<p>&nbsp;<\/p>\n<p>&nbsp;<\/p>\n<p><u>Art. 25:\u00a0\u00a0\u00a0 <\/u>No habiendo qu\u00f3rum a la hora citada, transcurrida una hora se celebrar\u00e1 la Asamblea con los socios<\/p>\n<p>Presentes y con el n\u00famero de asistentes<\/p>\n<p>&nbsp;<\/p>\n<p>&nbsp;<\/p>\n<p>Colegio de Farmac\u00e9uticos de Corrientes &#8211; Santa Fe 1186<\/p>\n<p>Tel\u00e9fono (379-4425707\/4426749)<\/p>\n","protected":false},"excerpt":{"rendered":"<p>El Directorio del Colegio de Farmac\u00e9uticos de la Provincia de Corrientes, convoca a los se\u00f1ores asociados A la Asamblea General Ordinaria, que se celebrar\u00e1 en la sede de la Instituci\u00f3n, sita en calle Santa F\u00e9 N\u00b0 1.186, De esta ciudad, el dia 16 de diciembre de 2.016 a las 20 horas, para tratar el siguiente: [&#8230;]\n","protected":false},"author":2,"featured_media":0,"comment_status":"open","ping_status":"open","sticky":false,"template":"","format":"standard","meta":{"footnotes":""},"categories":[1],"tags":[],"class_list":["post-1130","post","type-post","status-publish","format-standard","hentry","category-uncategorized"],"_links":{"self":[{"href":"https:\/\/cofarco.com.ar\/ar\/wp-json\/wp\/v2\/posts\/1130","targetHints":{"allow":["GET"]}}],"collection":[{"href":"https:\/\/cofarco.com.ar\/ar\/wp-json\/wp\/v2\/posts"}],"about":[{"href":"https:\/\/cofarco.com.ar\/ar\/wp-json\/wp\/v2\/types\/post"}],"author":[{"embeddable":true,"href":"https:\/\/cofarco.com.ar\/ar\/wp-json\/wp\/v2\/users\/2"}],"replies":[{"embeddable":true,"href":"https:\/\/cofarco.com.ar\/ar\/wp-json\/wp\/v2\/comments?post=1130"}],"version-history":[{"count":0,"href":"https:\/\/cofarco.com.ar\/ar\/wp-json\/wp\/v2\/posts\/1130\/revisions"}],"wp:attachment":[{"href":"https:\/\/cofarco.com.ar\/ar\/wp-json\/wp\/v2\/media?parent=1130"}],"wp:term":[{"taxonomy":"category","embeddable":true,"href":"https:\/\/cofarco.com.ar\/ar\/wp-json\/wp\/v2\/categories?post=1130"},{"taxonomy":"post_tag","embeddable":true,"href":"https:\/\/cofarco.com.ar\/ar\/wp-json\/wp\/v2\/tags?post=1130"}],"curies":[{"name":"wp","href":"https:\/\/api.w.org\/{rel}","templated":true}]}}