{"id":1138,"date":"2016-12-06T21:44:40","date_gmt":"2016-12-07T00:44:40","guid":{"rendered":"http:\/\/www.cofarco.com.ar\/?p=1138"},"modified":"2016-12-06T21:44:40","modified_gmt":"2016-12-07T00:44:40","slug":"reunion-entre-las-autoridades-de-cofa-y-el-dr-regazzoni","status":"publish","type":"post","link":"https:\/\/cofarco.com.ar\/ar\/2016\/12\/06\/reunion-entre-las-autoridades-de-cofa-y-el-dr-regazzoni\/","title":{"rendered":"Reuni\u00f3n entre las autoridades de COFA y el Dr. Regazzoni"},"content":{"rendered":"<div>\n<p class=\"m_-7000450460037164409gmail-x_MsoNormal\">El d\u00eda viernes 2 de diciembre, las autoridades de la Confederaci\u00f3n Farmac\u00e9utica Argentina han mantenido una audiencia con el Director Ejecutivo del PAMI, Dr. Carlos Regazzoni, a fin de hacerle conocer la compleja situaci\u00f3n por la que atraviesan las farmacias prestadoras y escuchar cu\u00e1l es la visi\u00f3n que tiene el Instituto sobre esta problem\u00e1tica a presente y futuro. Es de destacar la r\u00e1pida aceptaci\u00f3n de parte del titular del PAMI a nuestro pedido de audiencia cursado hace 48 horas una vez producida la renovaci\u00f3n de autoridades de nuestra entidad.<\/p>\n<p class=\"m_-7000450460037164409gmail-x_MsoNormal\">A la reuni\u00f3n concurrieron por la COFA los farmac\u00e9uticos Isabel Reinoso, Ra\u00fal Mascar\u00f3 y Ricardo Pesenti, presidente, secretario y protesorero respectivamente, quienes expusieron al Dr. Regazzoni la imperiosa necesidad de que el convenio que se defina tenga la suficiente sustentabilidad para las farmacias de modo que les permita enfrentar su tarea sin los sacrificios y sobresaltos que se registran actualmente. Esa necesaria sustentabilidad deber\u00eda incluir una reducci\u00f3n de las actuales bonificaciones, as\u00ed como plazos y financiaci\u00f3n acordes con el escenario comercial de las farmacias, de manera tal que deje de recaer en ellas el peso sustancial de la financiaci\u00f3n del convenio como sucede actualmente y desde hace mucho tiempo atr\u00e1s.<\/p>\n<p class=\"m_-7000450460037164409gmail-x_MsoNormal\">El titular del PAMI expres\u00f3 su agradecimiento a las farmacias por el esfuerzo desarrollado en este 2016 para sostener el convenio y le solicitamos que luego de este duro a\u00f1o se generen r\u00e1pidas soluciones para asegurar una rentabilidad suficiente a las farmacias dentro de la prestaci\u00f3n del convenio.<\/p>\n<p class=\"m_-7000450460037164409gmail-x_MsoNormal\">Se hizo un reclamo formal al Dr. Regazzoni por los pagos pendientes de parte de la Industria de la prestaci\u00f3n de medicamentos ambulatorios, Resoluci\u00f3n 337, Insulinas y Tiras Reactivas, ya que su cumplimiento resulta imprescindible para que no se generen situaciones no deseadas, pero muchas veces inevitables, de imposiblidad de atenci\u00f3n de parte de las farmacias que se ven impedidas de aprovisionarse como consecuencia de estos retrasos.<\/p>\n<p class=\"m_-7000450460037164409gmail-x_MsoNormal\">Tambi\u00e9n se incluyeron en el reclamo los segmentos de contrataci\u00f3n directa entre las entidades y el PAMI, como son pa\u00f1ales y ostom\u00eda. En relaci\u00f3n a pa\u00f1ales se comprometi\u00f3 a que la semana pr\u00f3xima el pago pendiente de setiembre se abone, as\u00ed como acelerar la gesti\u00f3n para el cobro de una serie de diferencias largamente demoradas que incluyen al mes de noviembre 2015, pagos que en gran parte fueron asumidos por la COFA y colegios para amortiguar su impacto, y en cuanto a las prestaciones del convenio Ostom\u00eda manifest\u00f3 su decisi\u00f3n de que sean tambi\u00e9n liquidadas en breve.<\/p>\n<p class=\"m_-7000450460037164409gmail-x_MsoNormal\">Finalmente se acord\u00f3 en seguir en permanente contacto tanto con el Director Ejecutivo como con sus asesores directos, para ir avanzando en el seguimiento de estos temas, al mismo tiempo que el Dr. Regazzoni se expres\u00f3 convencido de que en el futuro esquema de convenio la COFA y las dem\u00e1s entidades farmac\u00e9uticas deben estar incluidas participando y tomando decisiones conjuntamente con el Instituto.<\/p>\n<p class=\"m_-7000450460037164409gmail-x_MsoNormal\">Continuaremos informando a medida que se produzcan novedades en torno a estos temas de inter\u00e9s esencial para nuestra red de farmacias.<\/p>\n<\/div>\n<div><\/div>\n<div><\/div>\n<div><\/div>\n<div><\/div>\n<div><\/div>\n<div>Colegio de Farmac\u00e9uticos de Corrientes &#8211; Santa Fe 1186<\/div>\n<div>Tel\u00e9fono (379-4425707\/4426749)<\/div>\n","protected":false},"excerpt":{"rendered":"<p>El d\u00eda viernes 2 de diciembre, las autoridades de la Confederaci\u00f3n Farmac\u00e9utica Argentina han mantenido una audiencia con el Director Ejecutivo del PAMI, Dr. Carlos Regazzoni, a fin de hacerle conocer la compleja situaci\u00f3n por la que atraviesan las farmacias prestadoras y escuchar cu\u00e1l es la visi\u00f3n que tiene el Instituto sobre esta problem\u00e1tica a [&#8230;]\n","protected":false},"author":2,"featured_media":0,"comment_status":"open","ping_status":"open","sticky":false,"template":"","format":"standard","meta":{"footnotes":""},"categories":[1],"tags":[],"class_list":["post-1138","post","type-post","status-publish","format-standard","hentry","category-uncategorized"],"_links":{"self":[{"href":"https:\/\/cofarco.com.ar\/ar\/wp-json\/wp\/v2\/posts\/1138","targetHints":{"allow":["GET"]}}],"collection":[{"href":"https:\/\/cofarco.com.ar\/ar\/wp-json\/wp\/v2\/posts"}],"about":[{"href":"https:\/\/cofarco.com.ar\/ar\/wp-json\/wp\/v2\/types\/post"}],"author":[{"embeddable":true,"href":"https:\/\/cofarco.com.ar\/ar\/wp-json\/wp\/v2\/users\/2"}],"replies":[{"embeddable":true,"href":"https:\/\/cofarco.com.ar\/ar\/wp-json\/wp\/v2\/comments?post=1138"}],"version-history":[{"count":0,"href":"https:\/\/cofarco.com.ar\/ar\/wp-json\/wp\/v2\/posts\/1138\/revisions"}],"wp:attachment":[{"href":"https:\/\/cofarco.com.ar\/ar\/wp-json\/wp\/v2\/media?parent=1138"}],"wp:term":[{"taxonomy":"category","embeddable":true,"href":"https:\/\/cofarco.com.ar\/ar\/wp-json\/wp\/v2\/categories?post=1138"},{"taxonomy":"post_tag","embeddable":true,"href":"https:\/\/cofarco.com.ar\/ar\/wp-json\/wp\/v2\/tags?post=1138"}],"curies":[{"name":"wp","href":"https:\/\/api.w.org\/{rel}","templated":true}]}}