{"id":1141,"date":"2016-12-15T08:25:09","date_gmt":"2016-12-15T11:25:09","guid":{"rendered":"http:\/\/www.cofarco.com.ar\/?p=1141"},"modified":"2016-12-15T08:25:09","modified_gmt":"2016-12-15T11:25:09","slug":"reinauguacion-del-edificio-del-colegio","status":"publish","type":"post","link":"https:\/\/cofarco.com.ar\/ar\/2016\/12\/15\/reinauguacion-del-edificio-del-colegio\/","title":{"rendered":"Reinauguraci\u00f3n del Edificio del Colegio"},"content":{"rendered":"<p><em><strong>Queridos Colegas:<\/strong><\/em><\/p>\n<p>El viernes 16 de diciembre, a las 22 horas, realizaremos el acto de reinauguraci\u00f3n y bendici\u00f3n de las remozadas instalaciones de nuestro Colegio. Lo haremos al concluir la Asamblea General Ordinaria.<\/p>\n<p>Esperamos contar con su presencia para celebrar juntos este logro que es de todos. Al concluir la ceremonia, compartiremos un brindis, lunch, buena m\u00fasica y baile. As\u00ed, festejaremos por este a\u00f1o fruct\u00edfero a\u00f1o que se termina. (Agradeceremos confirmen su presencia).<\/p>\n<p><strong>\u00a0 \u00a0 \u00a0 \u00a0 \u00a0 \u00a0 \u00a0 \u00a0 \u00a0 \u00a0 \u00a0 \u00a0 \u00a0 \u00a0 \u00a0 \u00a0 \u00a0 \u00a0\u00a1Qu\u00e9 nadie falte!<\/strong><\/p>\n<p><img fetchpriority=\"high\" decoding=\"async\" class=\"size-medium wp-image-1142 aligncenter\" src=\"https:\/\/cofarco.com.ar\/ar\/wp-content\/uploads\/2016\/12\/unnamed-300x200.jpg\" alt=\"unnamed\" width=\"300\" height=\"200\" \/><\/p>\n<div style=\"text-align: right;\">Colegio de Farmac\u00e9uticos de Corrientes &#8211; Santa Fe 1186<\/div>\n<div style=\"text-align: right;\">Tel\u00e9fono (379-4425707\/4426749)<\/div>\n","protected":false},"excerpt":{"rendered":"<p>Queridos Colegas: El viernes 16 de diciembre, a las 22 horas, realizaremos el acto de reinauguraci\u00f3n y bendici\u00f3n de las remozadas instalaciones de nuestro Colegio. Lo haremos al concluir la Asamblea General Ordinaria. Esperamos contar con su presencia para celebrar juntos este logro que es de todos. Al concluir la ceremonia, compartiremos un brindis, lunch, [&#8230;]\n","protected":false},"author":2,"featured_media":0,"comment_status":"open","ping_status":"open","sticky":false,"template":"","format":"standard","meta":{"footnotes":""},"categories":[1],"tags":[],"class_list":["post-1141","post","type-post","status-publish","format-standard","hentry","category-uncategorized"],"_links":{"self":[{"href":"https:\/\/cofarco.com.ar\/ar\/wp-json\/wp\/v2\/posts\/1141","targetHints":{"allow":["GET"]}}],"collection":[{"href":"https:\/\/cofarco.com.ar\/ar\/wp-json\/wp\/v2\/posts"}],"about":[{"href":"https:\/\/cofarco.com.ar\/ar\/wp-json\/wp\/v2\/types\/post"}],"author":[{"embeddable":true,"href":"https:\/\/cofarco.com.ar\/ar\/wp-json\/wp\/v2\/users\/2"}],"replies":[{"embeddable":true,"href":"https:\/\/cofarco.com.ar\/ar\/wp-json\/wp\/v2\/comments?post=1141"}],"version-history":[{"count":0,"href":"https:\/\/cofarco.com.ar\/ar\/wp-json\/wp\/v2\/posts\/1141\/revisions"}],"wp:attachment":[{"href":"https:\/\/cofarco.com.ar\/ar\/wp-json\/wp\/v2\/media?parent=1141"}],"wp:term":[{"taxonomy":"category","embeddable":true,"href":"https:\/\/cofarco.com.ar\/ar\/wp-json\/wp\/v2\/categories?post=1141"},{"taxonomy":"post_tag","embeddable":true,"href":"https:\/\/cofarco.com.ar\/ar\/wp-json\/wp\/v2\/tags?post=1141"}],"curies":[{"name":"wp","href":"https:\/\/api.w.org\/{rel}","templated":true}]}}