{"id":11440,"date":"2022-12-07T09:08:42","date_gmt":"2022-12-07T12:08:42","guid":{"rendered":"https:\/\/cofarco.com.ar\/ar\/?p=11440"},"modified":"2022-12-07T09:15:11","modified_gmt":"2022-12-07T12:15:11","slug":"asamblea-renovacion-parcial-de-autoridades-en-cofarco-2","status":"publish","type":"post","link":"https:\/\/cofarco.com.ar\/ar\/2022\/12\/07\/asamblea-renovacion-parcial-de-autoridades-en-cofarco-2\/","title":{"rendered":"Asamblea: Renovaci\u00f3n parcial de autoridades en COFARCO"},"content":{"rendered":"<p>El viernes 2 de diciembre el Colegio de Farmac\u00e9uticos de la Provincia de Corrientes realiz\u00f3 la Asamblea General Ordinaria con la participaci\u00f3n de un importante n\u00famero de profesionales farmac\u00e9uticos. Encabez\u00f3 la reuni\u00f3n la presidente de la entidad, Farm. Desire\u00e9 Lancelle Monferrer.<\/p>\n<p>Durante la asamblea, se puso a consideraci\u00f3n y tratamiento de los participantes y se aprob\u00f3 la memoria, balance general del ejercicio vencido, inventario, cuentas de gastos y recursos, e informe del \u00d3rgano de Fiscalizaci\u00f3n del ejercicio econ\u00f3mico N\u00b0 79 (periodo 01 de Agosto de 2.021 a 31 de Julio de 2.022); dicha documentaci\u00f3n se dej\u00f3 a disposici\u00f3n y consideraci\u00f3n de los asociados con diez (10) d\u00edas de antelaci\u00f3n a la celebraci\u00f3n de la Asamblea en la sede de la Instituci\u00f3n.<\/p>\n<p>Asimismo, se procedi\u00f3 a la renovaci\u00f3n parcial de autoridades para ocupar los cargos de Presidente, Secretaria, Vocal Titular 1\u00ba, Vocal Titular 3\u00ba, Vocal Suplente 2\u00ba, y un miembro del \u00d3rgano de Fiscalizaci\u00f3n por finalizaci\u00f3n de mandatos y por el t\u00e9rmino de dos (2) a\u00f1os, y un Vocal Suplente 1\u00b0 por renuncia y por el t\u00e9rmino de un (1) a\u00f1o. Tras la votaci\u00f3n,<em> renov\u00f3 su mandato al frente de la presidencia la <\/em>Farmac\u00e9utica <strong>Desiree Lancelle Monferrer<\/strong>.<\/p>\n<p>De igual manera, fueron electos:<\/p>\n<ul>\n<li>Secretaria: Farmac\u00e9utica <strong>Fava Angelica Aurora<\/strong><\/li>\n<li>Vocal Titular 1ro: Farmac\u00e9utico <strong>Ricardo Guillermo Peris<\/strong><\/li>\n<li>Vocal Titular 3ro.: Farmac\u00e9utico <strong>Marin Gonzalo R<\/strong>.<\/li>\n<li>Vocal Suplente 1ro.:Farmac\u00e9utico <strong>Leale Horacio Esteban<\/strong><\/li>\n<li>Vocal Suplente 2do.:Farmac\u00e9utico <strong>Rius Augusto Antonio<\/strong><\/li>\n<li>Miembro del \u00d3rgano de Fiscalizaci\u00f3n: Farmac\u00e9utica <strong>Olivieri Danya Ivonne.<\/strong><\/li>\n<\/ul>\n<p>Todos ellos conforman el Directorio de la Instituci\u00f3n junto con los Farmac\u00e9uticos <strong>Parra Gustavo Raul<\/strong> (Tesorero), <strong>Acevedo Claudio Norberto<\/strong> (Vocal Titular 2do.); <strong>Peris Ernesto Rub\u00e9n<\/strong> (Vocal Suplente 3ro) y <strong>Fern\u00e1ndez C\u00e9spedes Augusto Maximiliano<\/strong> (\u00d3rgano de Fiscalizaci\u00f3n).<\/p>\n<p>Adem\u00e1s, aprovechamos la oportunidad de realizar la entrega de una distinci\u00f3n al <strong>Farmac\u00e9utico Julio Fridman<\/strong> por su trayectoria y vocaci\u00f3n de servicio.<\/p>\n<p>&nbsp;<\/p>\n<p><img fetchpriority=\"high\" decoding=\"async\" class=\"alignnone size-medium wp-image-11448\" src=\"https:\/\/cofarco.com.ar\/ar\/wp-content\/uploads\/2022\/12\/WhatsApp-Image-2022-12-03-at-08.27.13-711x400.jpeg\" alt=\"\" width=\"711\" height=\"400\" \/><\/p>\n<p><img decoding=\"async\" class=\"alignnone size-medium wp-image-11446\" src=\"https:\/\/cofarco.com.ar\/ar\/wp-content\/uploads\/2022\/12\/WhatsApp-Image-2022-12-03-at-08.27.14-1-711x400.jpeg\" alt=\"\" width=\"711\" height=\"400\" \/><\/p>\n<p><img decoding=\"async\" class=\"alignnone size-medium wp-image-11444\" src=\"https:\/\/cofarco.com.ar\/ar\/wp-content\/uploads\/2022\/12\/WhatsApp-Image-2022-12-03-at-08.27.15-711x400.jpeg\" alt=\"\" width=\"711\" height=\"400\" \/><\/p>\n<p><img loading=\"lazy\" decoding=\"async\" class=\"alignnone size-medium wp-image-11442\" src=\"https:\/\/cofarco.com.ar\/ar\/wp-content\/uploads\/2022\/12\/WhatsApp-Image-2022-12-03-at-08.27.15-2-225x400.jpeg\" alt=\"\" width=\"225\" height=\"400\" \/><\/p>\n","protected":false},"excerpt":{"rendered":"<p>El viernes 2 de diciembre el Colegio de Farmac\u00e9uticos de la Provincia de Corrientes realiz\u00f3 la Asamblea General Ordinaria con la participaci\u00f3n de un importante n\u00famero de profesionales farmac\u00e9uticos. Encabez\u00f3 la reuni\u00f3n la presidente de la entidad, Farm. Desire\u00e9 Lancelle Monferrer. Durante la asamblea, se puso a consideraci\u00f3n y tratamiento de los participantes y se [&#8230;]\n","protected":false},"author":2,"featured_media":0,"comment_status":"open","ping_status":"open","sticky":false,"template":"","format":"standard","meta":{"footnotes":""},"categories":[71],"tags":[],"class_list":["post-11440","post","type-post","status-publish","format-standard","hentry","category-noticias"],"_links":{"self":[{"href":"https:\/\/cofarco.com.ar\/ar\/wp-json\/wp\/v2\/posts\/11440","targetHints":{"allow":["GET"]}}],"collection":[{"href":"https:\/\/cofarco.com.ar\/ar\/wp-json\/wp\/v2\/posts"}],"about":[{"href":"https:\/\/cofarco.com.ar\/ar\/wp-json\/wp\/v2\/types\/post"}],"author":[{"embeddable":true,"href":"https:\/\/cofarco.com.ar\/ar\/wp-json\/wp\/v2\/users\/2"}],"replies":[{"embeddable":true,"href":"https:\/\/cofarco.com.ar\/ar\/wp-json\/wp\/v2\/comments?post=11440"}],"version-history":[{"count":4,"href":"https:\/\/cofarco.com.ar\/ar\/wp-json\/wp\/v2\/posts\/11440\/revisions"}],"predecessor-version":[{"id":11454,"href":"https:\/\/cofarco.com.ar\/ar\/wp-json\/wp\/v2\/posts\/11440\/revisions\/11454"}],"wp:attachment":[{"href":"https:\/\/cofarco.com.ar\/ar\/wp-json\/wp\/v2\/media?parent=11440"}],"wp:term":[{"taxonomy":"category","embeddable":true,"href":"https:\/\/cofarco.com.ar\/ar\/wp-json\/wp\/v2\/categories?post=11440"},{"taxonomy":"post_tag","embeddable":true,"href":"https:\/\/cofarco.com.ar\/ar\/wp-json\/wp\/v2\/tags?post=11440"}],"curies":[{"name":"wp","href":"https:\/\/api.w.org\/{rel}","templated":true}]}}