{"id":1145,"date":"2016-12-20T06:33:43","date_gmt":"2016-12-20T09:33:43","guid":{"rendered":"http:\/\/www.cofarco.com.ar\/?p=1145"},"modified":"2016-12-20T06:33:43","modified_gmt":"2016-12-20T09:33:43","slug":"renovacion-de-autoridades-y-reinauguracion-de-nuestra-sede","status":"publish","type":"post","link":"https:\/\/cofarco.com.ar\/ar\/2016\/12\/20\/renovacion-de-autoridades-y-reinauguracion-de-nuestra-sede\/","title":{"rendered":"Renovaci\u00f3n de autoridades y reinauguraci\u00f3n de nuestra sede"},"content":{"rendered":"<p>Este viernes 16 de diciembre se realiz\u00f3 en las instalaciones del Colegio de Farmac\u00e9uticos de la Provincia de Corrientes la Asamblea General Ordinaria, donde la Comisi\u00f3n Directiva, encabezada por su presidente, Silvia Cristina Rodr\u00edguez, ley\u00f3 la Memoria Balance 2016. Luego, se procedi\u00f3 a la renovaci\u00f3n de parte del Directorio y al acto de reinauguraci\u00f3n del edificio.<\/p>\n<p>La asamblea comenz\u00f3 pasadas las 21. Por unanimidad, los presentes aprobaron los balances presentados por la farmac\u00e9utica Silvia Rodr\u00edguez, en representaci\u00f3n de la comisi\u00f3n directiva. A continuaci\u00f3n, y sin ninguna oposici\u00f3n, se vot\u00f3 a la lista que se postul\u00f3 para continuar en la conducci\u00f3n de la instituci\u00f3n.<\/p>\n<p>Se trat\u00f3 de la Lista Uni\u00f3n, que propuso como nueva presidente a la farmac\u00e9utica\u00a0 Desire\u00e9 Lancelle Monferrer; como Secretaria, a\u00a0 Mar\u00eda Alejandra Cosentino; como Tesorera a la presidente saliente, Silvia Cristina Rodr\u00edguez; como Vocal titular 1\u00b0 a Julio Fridman; como Vocal Titular 3\u00b0 a Augusto Maximiliano Fern\u00e1ndez C\u00e9spedes; como Vocal Suplente 2 a Gonzalo Ra\u00fal Mar\u00edn; y al frente del \u00d3rgano de Fiscalizaci\u00f3n, a Ricardo Guillermo Peris. Todos los se\u00f1alados, profesionales farmac\u00e9uticos.<\/p>\n<p>La flamante presidenta dirigi\u00f3 unas palabras a los colegas presentes, agradeciendo la confianza depositada en ella y anim\u00e1ndolos a aportar a su gesti\u00f3n con una participaci\u00f3n activa. Se comprometi\u00f3 a seguir la misma l\u00ednea de acci\u00f3n en pos de mayores garant\u00edas para el ejercicio profesional.<\/p>\n<p>Al concluir la asamblea, se realiz\u00f3 en el acceso del edificio el acto de reinauguraci\u00f3n de la sede, luego de haberse concluido una importante obra de remodelaci\u00f3n y modernizaci\u00f3n de los espacios.<\/p>\n<p>En nombre de la comisi\u00f3n que promovi\u00f3 y ejecut\u00f3 el proyecto de mejora edilicia, Silvia Rodr\u00edguez expres\u00f3 unas palabras de agradecimiento por el trabajo en conjunto y se refiri\u00f3 al empe\u00f1o puesto en brindar m\u00e1s y mejores servicios a los profesionales del rubro. Dijo adem\u00e1s que \u201clo realizado fue posible gracias al aporte de todos los que forman parte del Colegio\u201d.<\/p>\n<p>Tras el corte de cintas, se realiz\u00f3 la bendici\u00f3n de las remozadas instalaciones y para finalizar, hubo un lunch en el sal\u00f3n de actos.<\/p>\n<p><img fetchpriority=\"high\" decoding=\"async\" class=\"alignnone size-medium wp-image-1146\" src=\"https:\/\/cofarco.com.ar\/ar\/wp-content\/uploads\/2016\/12\/IMG_3920-300x169.jpg\" alt=\"img_3920\" width=\"300\" height=\"169\" \/> <img decoding=\"async\" class=\"alignnone size-medium wp-image-1147\" src=\"https:\/\/cofarco.com.ar\/ar\/wp-content\/uploads\/2016\/12\/IMG_3939-300x169.jpg\" alt=\"img_3939\" width=\"300\" height=\"169\" \/> <img decoding=\"async\" class=\"alignnone size-medium wp-image-1148\" src=\"https:\/\/cofarco.com.ar\/ar\/wp-content\/uploads\/2016\/12\/IMG_3938-300x169.jpg\" alt=\"img_3938\" width=\"300\" height=\"169\" \/> <img loading=\"lazy\" decoding=\"async\" class=\"alignnone size-medium wp-image-1149\" src=\"https:\/\/cofarco.com.ar\/ar\/wp-content\/uploads\/2016\/12\/IMG_3919-300x169.jpg\" alt=\"img_3919\" width=\"300\" height=\"169\" \/> <img loading=\"lazy\" decoding=\"async\" class=\"alignnone size-medium wp-image-1150\" src=\"https:\/\/cofarco.com.ar\/ar\/wp-content\/uploads\/2016\/12\/IMG_3918-300x169.jpg\" alt=\"img_3918\" width=\"300\" height=\"169\" \/> <img loading=\"lazy\" decoding=\"async\" class=\"alignnone size-medium wp-image-1151\" src=\"https:\/\/cofarco.com.ar\/ar\/wp-content\/uploads\/2016\/12\/IMG_3954-300x169.jpg\" alt=\"img_3954\" width=\"300\" height=\"169\" \/> <img loading=\"lazy\" decoding=\"async\" class=\"alignnone size-medium wp-image-1152\" src=\"https:\/\/cofarco.com.ar\/ar\/wp-content\/uploads\/2016\/12\/IMG_3917-300x169.jpg\" alt=\"img_3917\" width=\"300\" height=\"169\" \/> <img loading=\"lazy\" decoding=\"async\" class=\"alignnone size-medium wp-image-1153\" src=\"https:\/\/cofarco.com.ar\/ar\/wp-content\/uploads\/2016\/12\/IMG_3941-300x169.jpg\" alt=\"img_3941\" width=\"300\" height=\"169\" \/> <img loading=\"lazy\" decoding=\"async\" class=\"alignnone size-medium wp-image-1154\" src=\"https:\/\/cofarco.com.ar\/ar\/wp-content\/uploads\/2016\/12\/IMG_3946-300x192.jpg\" alt=\"img_3946\" width=\"300\" height=\"192\" \/> <img loading=\"lazy\" decoding=\"async\" class=\"alignnone size-medium wp-image-1155\" src=\"https:\/\/cofarco.com.ar\/ar\/wp-content\/uploads\/2016\/12\/IMG_3924-300x169.jpg\" alt=\"img_3924\" width=\"300\" height=\"169\" \/> <img loading=\"lazy\" decoding=\"async\" class=\"alignnone size-medium wp-image-1156\" src=\"https:\/\/cofarco.com.ar\/ar\/wp-content\/uploads\/2016\/12\/IMG_3927-300x169.jpg\" alt=\"img_3927\" width=\"300\" height=\"169\" \/> <img loading=\"lazy\" decoding=\"async\" class=\"alignnone size-medium wp-image-1157\" src=\"https:\/\/cofarco.com.ar\/ar\/wp-content\/uploads\/2016\/12\/IMG_3952-300x169.jpg\" alt=\"img_3952\" width=\"300\" height=\"169\" \/> <img loading=\"lazy\" decoding=\"async\" class=\"alignnone size-medium wp-image-1158\" src=\"https:\/\/cofarco.com.ar\/ar\/wp-content\/uploads\/2016\/12\/IMG_3950-300x169.jpg\" alt=\"img_3950\" width=\"300\" height=\"169\" \/> <img loading=\"lazy\" decoding=\"async\" class=\"alignnone size-medium wp-image-1159\" src=\"https:\/\/cofarco.com.ar\/ar\/wp-content\/uploads\/2016\/12\/IMG_3940-300x169.jpg\" alt=\"img_3940\" width=\"300\" height=\"169\" \/> <img loading=\"lazy\" decoding=\"async\" class=\"alignnone size-medium wp-image-1160\" src=\"https:\/\/cofarco.com.ar\/ar\/wp-content\/uploads\/2016\/12\/IMG_3943-300x169.jpg\" alt=\"img_3943\" width=\"300\" height=\"169\" \/> <img loading=\"lazy\" decoding=\"async\" class=\"alignnone size-medium wp-image-1161\" src=\"https:\/\/cofarco.com.ar\/ar\/wp-content\/uploads\/2016\/12\/IMG_3953-300x169.jpg\" alt=\"img_3953\" width=\"300\" height=\"169\" \/> <img loading=\"lazy\" decoding=\"async\" class=\"alignnone size-medium wp-image-1162\" src=\"https:\/\/cofarco.com.ar\/ar\/wp-content\/uploads\/2016\/12\/IMG_3928-300x169.jpg\" alt=\"img_3928\" width=\"300\" height=\"169\" \/> <img loading=\"lazy\" decoding=\"async\" class=\"alignnone size-medium wp-image-1163\" src=\"https:\/\/cofarco.com.ar\/ar\/wp-content\/uploads\/2016\/12\/IMG_3951-202x300.jpg\" alt=\"img_3951\" width=\"202\" height=\"300\" \/> <img loading=\"lazy\" decoding=\"async\" class=\"alignnone size-medium wp-image-1164\" src=\"https:\/\/cofarco.com.ar\/ar\/wp-content\/uploads\/2016\/12\/IMG_3915-300x169.jpg\" alt=\"img_3915\" width=\"300\" height=\"169\" \/> <img loading=\"lazy\" decoding=\"async\" class=\"alignnone size-medium wp-image-1165\" src=\"https:\/\/cofarco.com.ar\/ar\/wp-content\/uploads\/2016\/12\/IMG_3949-300x169.jpg\" alt=\"img_3949\" width=\"300\" height=\"169\" \/> <img loading=\"lazy\" decoding=\"async\" class=\"alignnone size-medium wp-image-1166\" src=\"https:\/\/cofarco.com.ar\/ar\/wp-content\/uploads\/2016\/12\/IMG_3936-300x169.jpg\" alt=\"img_3936\" width=\"300\" height=\"169\" \/> <img loading=\"lazy\" decoding=\"async\" class=\"alignnone size-medium wp-image-1167\" src=\"https:\/\/cofarco.com.ar\/ar\/wp-content\/uploads\/2016\/12\/IMG_3945-300x169.jpg\" alt=\"img_3945\" width=\"300\" height=\"169\" \/><\/p>\n<div>Colegio de Farmac\u00e9uticos de Corrientes &#8211; Santa Fe 1186<\/div>\n<div>Tel\u00e9fono (379-4425707\/4426749)<\/div>\n","protected":false},"excerpt":{"rendered":"<p>Este viernes 16 de diciembre se realiz\u00f3 en las instalaciones del Colegio de Farmac\u00e9uticos de la Provincia de Corrientes la Asamblea General Ordinaria, donde la Comisi\u00f3n Directiva, encabezada por su presidente, Silvia Cristina Rodr\u00edguez, ley\u00f3 la Memoria Balance 2016. Luego, se procedi\u00f3 a la renovaci\u00f3n de parte del Directorio y al acto de reinauguraci\u00f3n del [&#8230;]\n","protected":false},"author":2,"featured_media":0,"comment_status":"open","ping_status":"open","sticky":false,"template":"","format":"standard","meta":{"footnotes":""},"categories":[1],"tags":[],"class_list":["post-1145","post","type-post","status-publish","format-standard","hentry","category-uncategorized"],"_links":{"self":[{"href":"https:\/\/cofarco.com.ar\/ar\/wp-json\/wp\/v2\/posts\/1145","targetHints":{"allow":["GET"]}}],"collection":[{"href":"https:\/\/cofarco.com.ar\/ar\/wp-json\/wp\/v2\/posts"}],"about":[{"href":"https:\/\/cofarco.com.ar\/ar\/wp-json\/wp\/v2\/types\/post"}],"author":[{"embeddable":true,"href":"https:\/\/cofarco.com.ar\/ar\/wp-json\/wp\/v2\/users\/2"}],"replies":[{"embeddable":true,"href":"https:\/\/cofarco.com.ar\/ar\/wp-json\/wp\/v2\/comments?post=1145"}],"version-history":[{"count":0,"href":"https:\/\/cofarco.com.ar\/ar\/wp-json\/wp\/v2\/posts\/1145\/revisions"}],"wp:attachment":[{"href":"https:\/\/cofarco.com.ar\/ar\/wp-json\/wp\/v2\/media?parent=1145"}],"wp:term":[{"taxonomy":"category","embeddable":true,"href":"https:\/\/cofarco.com.ar\/ar\/wp-json\/wp\/v2\/categories?post=1145"},{"taxonomy":"post_tag","embeddable":true,"href":"https:\/\/cofarco.com.ar\/ar\/wp-json\/wp\/v2\/tags?post=1145"}],"curies":[{"name":"wp","href":"https:\/\/api.w.org\/{rel}","templated":true}]}}