{"id":1181,"date":"2016-12-26T09:44:54","date_gmt":"2016-12-26T12:44:54","guid":{"rendered":"http:\/\/www.cofarco.com.ar\/?p=1181"},"modified":"2016-12-26T09:44:54","modified_gmt":"2016-12-26T12:44:54","slug":"las-farmacias-volveran-a-atender-a-los-afiliados-al-pami-con-los-medicamentos-de-su-propio-stock","status":"publish","type":"post","link":"https:\/\/cofarco.com.ar\/ar\/2016\/12\/26\/las-farmacias-volveran-a-atender-a-los-afiliados-al-pami-con-los-medicamentos-de-su-propio-stock\/","title":{"rendered":"Las farmacias volver\u00e1n a atender a los afiliados al PAMI con los medicamentos de su propio stock"},"content":{"rendered":"<div>En la tarde del jueves 22, y tal como estaba previsto, las instituciones nacionales que representan a las farmacias de todo el pa\u00eds, han mantenido una reuni\u00f3n de trabajo con el Director Ejecutivo del INSSJP, Dr Carlos Regazzoni y sus funcionarios de primera l\u00ednea, en procura de encontrar una soluci\u00f3n que posibilite la salida del estado de conflicto generado entre las partes Como apretada s\u00edntesis de lo tratado en esta jornada, queremos se\u00f1alar que:<\/div>\n<div>&#8211; En relaci\u00f3n al vencimiento del plazo de vigencia del contrato con la ACE Industria (31\/12\/16) y ante la imposibilidad material de tener totalmente analizados y acordados los puntos a incluir en el nuevo contrato, el Dr. Regazzoni pone en nuestro conocimiento que ha suscripto con la Industria una pr\u00f3rroga del contrato hasta el pr\u00f3ximo 31 de enero de 2017<\/div>\n<div>&#8211; Reafirma adem\u00e1s, la voluntad del PAMI de seguir compartiendo una mesa de di\u00e1logo permanente para lograr una soluci\u00f3n que garantice la oportuna y satisfactoria dispensa del medicamento, en beneficio de los intereses de nuestras farmacias y sus afiliados.<\/div>\n<div>&#8211; Pone de manifiesto adem\u00e1s su plena confianza en lograr una definitiva soluci\u00f3n al conflicto planteado, mediante la adopci\u00f3n de una estrategia de dialogo responsable por parte de todos los involucrados, invit\u00e1ndonos a continuar con esta l\u00f3gica de permanentes encuentros establecida desde el inicio de su gesti\u00f3n.<\/div>\n<div>&#8211; Por nuestra parte volvimos a insistir con la imperiosa necesidad de incluir a nuestras instituciones en los contratos que de ahora en m\u00e1s pudiera suscribir el PAMI para la prestaci\u00f3n de servicios farmac\u00e9uticos, fijando en los mismos condiciones que posibiliten la viabilidad econ\u00f3mica y financiera de su atenci\u00f3n por parte de nuestras farmacias. \uf0b7 En tal sentido el Dr. Regazzoni manifest\u00f3 compartir nuestra postura y por ello considera necesario lograr una disminuci\u00f3n de los elevados costos que el convenio tiene para las farmacias, especialmente en lo relativo a retenciones y\/o aportes.<\/div>\n<div>&#8211; En lo estrictamente relacionado con la coyuntura, demandamos como condici\u00f3n indispensable de continuidad, la atenci\u00f3n de los importes y periodos largamente postergados, procurando un alivio para las alica\u00eddas finanzas de nuestras farmacias Finalmente y como conclusi\u00f3n de una larga jornada de trabajo que se extendi\u00f3 por m\u00e1s de tres horas, queremos se\u00f1alar lo siguiente: &#8211; En una operatoria que tiene como partes a tres sectores claramente identificados (producci\u00f3n, dispensa y consumo), resulta evidente que la Industria contin\u00faa sin estar a la altura de las circunstancias: su preocupaci\u00f3n central sigue siendo la colocaci\u00f3n de unidades al mayor precio posible, mientras el PAMI tenga fondos para pagarlos y las farmacias soporten la pesada carga de financiarlos.<\/div>\n<div>\u00a0&#8211; Los funcionarios de PAMI nos han hecho una nueva demostraci\u00f3n de su voluntad de poner todo su empe\u00f1o en lograr una soluci\u00f3n que satisfaga los intereses del conjunto, lo cual nos genera un moderado optimismo respecto al resultado final que logremos en el corto plazo, en ocasi\u00f3n de suscribirse un nuevo contrato. &#8211; La propuesta del Instituto, al firmar con la Industria una extensi\u00f3n del convenio por 30 d\u00edas, consiste en esencia en pasar a un cuarto intermedio para dar tiempo a seguir discutiendo los alcances y contenido del nuevo contrato. Entre tanto, y respondiendo a nuestra demanda coyuntural, ha dispuesto la concreci\u00f3n de un pago especial a la Industria con la condici\u00f3n de que se destine de manera total a cubrir parte sustancial de la deuda que el administrador tiene con las farmacias.<\/div>\n<div>&#8211;\u00a0Finalmente, ambas partes nos comprometemos a seguir en estado de comunicaci\u00f3n continua y trabajo mancomunado para lograr dar forma al nuevo contrato, con las caracter\u00edsticas y condiciones necesarias para darle sustentabilidad en el tiempo. Durante el viernes las autoridades de la Confederaci\u00f3n y los colegios han mantenido diversos contactos para analizar el resultado de la reuni\u00f3n con el Director del PAMI y definir los pasos a seguir, concluyendo esta tarea en una Conferencia Virtual de Presidentes de entidades federadas con la Presidente de la Confederaci\u00f3n, en la cual se defini\u00f3, como muestra de buena voluntad ante las l\u00edneas de negociaci\u00f3n a\u00fan abiertas, y habi\u00e9ndose concretado el pago anteriormente referido de deuda sumado a los anticipos correspondientes a 1\u00b0 quincena de diciembre, establecer un cuarto intermedio en la medida de suspensi\u00f3n de cr\u00e9dito adoptada y reanudar la atenci\u00f3n a los afiliados al PAMI, recurriendo para ello al stock de medicamentos de las propias farmacias.<\/div>\n<div>Hacemos llegar a nuestras farmacias el agradecimiento por el esfuerzo realizado durante esta medida que ha sido esencial para visibilizar nuestra situaci\u00f3n y apuntalar las gestiones que desde la dirigencia nacional se han llevado a cabo, debiendo tener por seguro que su accionar ha sido fundamental para asegurar respuestas concretas y efectivas, y deber\u00e1 seguir si\u00e9ndolo para poder alcanzar los objetivos propuestos, sobre lo cual los mantendremos permanentemente informados.<\/div>\n<div><\/div>\n<div><\/div>\n<div><img fetchpriority=\"high\" decoding=\"async\" class=\"alignnone size-medium wp-image-1182 aligncenter\" src=\"https:\/\/cofarco.com.ar\/ar\/wp-content\/uploads\/2016\/12\/IMG-20161224-WA0003-300x169.jpg\" alt=\"\" width=\"300\" height=\"169\" \/><\/div>\n<div><\/div>\n<div><\/div>\n<div><\/div>\n<div><\/div>\n<div><\/div>\n<div style=\"text-align: right;\">Colegio de Farmac\u00e9uticos de Corrientes &#8211; Santa Fe 1186<\/div>\n<div style=\"text-align: right;\">Tel\u00e9fono (379-4425707\/4426749)<\/div>\n","protected":false},"excerpt":{"rendered":"<p>En la tarde del jueves 22, y tal como estaba previsto, las instituciones nacionales que representan a las farmacias de todo el pa\u00eds, han mantenido una reuni\u00f3n de trabajo con el Director Ejecutivo del INSSJP, Dr Carlos Regazzoni y sus funcionarios de primera l\u00ednea, en procura de encontrar una soluci\u00f3n que posibilite la salida del [&#8230;]\n","protected":false},"author":2,"featured_media":0,"comment_status":"open","ping_status":"open","sticky":false,"template":"","format":"standard","meta":{"footnotes":""},"categories":[1],"tags":[],"class_list":["post-1181","post","type-post","status-publish","format-standard","hentry","category-uncategorized"],"_links":{"self":[{"href":"https:\/\/cofarco.com.ar\/ar\/wp-json\/wp\/v2\/posts\/1181","targetHints":{"allow":["GET"]}}],"collection":[{"href":"https:\/\/cofarco.com.ar\/ar\/wp-json\/wp\/v2\/posts"}],"about":[{"href":"https:\/\/cofarco.com.ar\/ar\/wp-json\/wp\/v2\/types\/post"}],"author":[{"embeddable":true,"href":"https:\/\/cofarco.com.ar\/ar\/wp-json\/wp\/v2\/users\/2"}],"replies":[{"embeddable":true,"href":"https:\/\/cofarco.com.ar\/ar\/wp-json\/wp\/v2\/comments?post=1181"}],"version-history":[{"count":0,"href":"https:\/\/cofarco.com.ar\/ar\/wp-json\/wp\/v2\/posts\/1181\/revisions"}],"wp:attachment":[{"href":"https:\/\/cofarco.com.ar\/ar\/wp-json\/wp\/v2\/media?parent=1181"}],"wp:term":[{"taxonomy":"category","embeddable":true,"href":"https:\/\/cofarco.com.ar\/ar\/wp-json\/wp\/v2\/categories?post=1181"},{"taxonomy":"post_tag","embeddable":true,"href":"https:\/\/cofarco.com.ar\/ar\/wp-json\/wp\/v2\/tags?post=1181"}],"curies":[{"name":"wp","href":"https:\/\/api.w.org\/{rel}","templated":true}]}}