{"id":1190,"date":"2016-12-30T15:42:44","date_gmt":"2016-12-30T18:42:44","guid":{"rendered":"http:\/\/www.cofarco.com.ar\/?p=1190"},"modified":"2016-12-30T15:42:44","modified_gmt":"2016-12-30T18:42:44","slug":"acta-acuerdo-con-el-ioscor-para-mejorar-la-prestacion-a-colegiados","status":"publish","type":"post","link":"https:\/\/cofarco.com.ar\/ar\/2016\/12\/30\/acta-acuerdo-con-el-ioscor-para-mejorar-la-prestacion-a-colegiados\/","title":{"rendered":"Acta Acuerdo con el IOSCOR para mejorar la prestaci\u00f3n a Colegiados"},"content":{"rendered":"<p>Las autoridades del Instituto de Obra Social de la Provincia de Corrientes (IOSCOR) y del Colegio de Farmac\u00e9uticos de la Provincia de Corrientes (Cofarco), celebraron un Acta Acuerdo para mejorar la prestaci\u00f3n m\u00e9dico asistencial establecida en un convenio anterior. A partir de ahora, los profesionales matriculados podr\u00e1n adherirse a la Obra Social.<\/p>\n<p>Con esta r\u00fabrica, los farmac\u00e9uticos colegiados interesados en adherirse al IOSCOR deber\u00e1n solicitar al Colegio el Modelo de Solicitud de Ingreso y la Declaraci\u00f3n Jurada de Salud (antecedentes cl\u00ednicos). Esta \u00faltima es de tipo individual, es decir, se deber\u00e1 presentar una por cada interesado; la que deber\u00e1 firmar un m\u00e9dico y el interesado. Ser\u00e1 el Colegio de Farmac\u00e9uticos el que avale y rubrique la misma.<\/p>\n<p>Esa Declaraci\u00f3n se presentar\u00e1 conjuntamente con el modelo de Planilla de Solicitud de Ingreso, del 1 al 5 del mes que se solicite el alta de la Div. Convenios para verificaci\u00f3n de requisitos y del \u00e1rea m\u00e9dica para la evaluaci\u00f3n de patolog\u00edas preexistentes declaradas, los que deber\u00edan expedirse en un plazo no mayor a los cinco d\u00edas h\u00e1biles administrativos posteriores, salvo caso de necesidad de solicitar juntas m\u00e9dicas para una mejor evaluaci\u00f3n del interesado a incorporarse.<\/p>\n<p>Cumplido el plazo mencionado anteriormente, la Div. Convenios comunicar\u00e1 la aceptaci\u00f3n o las decisiones y\/o faltas de requisitos al Colegio quien trasmitir\u00e1 lo resuelto al interesado. Cuando \u00e9ste fuera aceptado, la entidad colegiada deber\u00e1 comunicar al mismo y hacer firmar su aceptaci\u00f3n de la carencia con la que cuenta. Dentro de las 48 horas, se deber\u00e1 realizar el dep\u00f3sito en la Cuenta Corriente que el IOSCOR posee en el Banco Provincia, y las documentales (boleta de dep\u00f3sito, declaraci\u00f3n Jurada, solicitud de ingreso y carencia) remitidas a el IOSCOR para que proceda a grabar el alta correspondiente y archivo de las documentaciones.<\/p>\n<p>Para los meses posteriores a la incorporaci\u00f3n, bastar\u00e1 la lista de titulares y adherentes con el dep\u00f3sito que corresponda al mes en curso, la que se har\u00e1 del 1 al 10 (en papel y en soporte magn\u00e9tico) en la Div. Convenios.<\/p>\n<p>Los interesados en obtener mayor informaci\u00f3n, deber\u00e1n comunicarse al Colegio de Farmac\u00e9uticos de Corrientes, sito en Santa Fe 1186, tel\u00e9fono 0379 442-5707.<\/p>\n<p style=\"text-align: right;\">Colegio de Farmac\u00e9uticos de Corrientes &#8211; Santa Fe 1186<\/p>\n<p style=\"text-align: right;\">Tel\u00e9fono (379-4425707\/4426749)<\/p>\n","protected":false},"excerpt":{"rendered":"<p>Las autoridades del Instituto de Obra Social de la Provincia de Corrientes (IOSCOR) y del Colegio de Farmac\u00e9uticos de la Provincia de Corrientes (Cofarco), celebraron un Acta Acuerdo para mejorar la prestaci\u00f3n m\u00e9dico asistencial establecida en un convenio anterior. A partir de ahora, los profesionales matriculados podr\u00e1n adherirse a la Obra Social. Con esta r\u00fabrica, [&#8230;]\n","protected":false},"author":2,"featured_media":0,"comment_status":"open","ping_status":"open","sticky":false,"template":"","format":"standard","meta":{"footnotes":""},"categories":[1],"tags":[],"class_list":["post-1190","post","type-post","status-publish","format-standard","hentry","category-uncategorized"],"_links":{"self":[{"href":"https:\/\/cofarco.com.ar\/ar\/wp-json\/wp\/v2\/posts\/1190","targetHints":{"allow":["GET"]}}],"collection":[{"href":"https:\/\/cofarco.com.ar\/ar\/wp-json\/wp\/v2\/posts"}],"about":[{"href":"https:\/\/cofarco.com.ar\/ar\/wp-json\/wp\/v2\/types\/post"}],"author":[{"embeddable":true,"href":"https:\/\/cofarco.com.ar\/ar\/wp-json\/wp\/v2\/users\/2"}],"replies":[{"embeddable":true,"href":"https:\/\/cofarco.com.ar\/ar\/wp-json\/wp\/v2\/comments?post=1190"}],"version-history":[{"count":0,"href":"https:\/\/cofarco.com.ar\/ar\/wp-json\/wp\/v2\/posts\/1190\/revisions"}],"wp:attachment":[{"href":"https:\/\/cofarco.com.ar\/ar\/wp-json\/wp\/v2\/media?parent=1190"}],"wp:term":[{"taxonomy":"category","embeddable":true,"href":"https:\/\/cofarco.com.ar\/ar\/wp-json\/wp\/v2\/categories?post=1190"},{"taxonomy":"post_tag","embeddable":true,"href":"https:\/\/cofarco.com.ar\/ar\/wp-json\/wp\/v2\/tags?post=1190"}],"curies":[{"name":"wp","href":"https:\/\/api.w.org\/{rel}","templated":true}]}}