{"id":1213,"date":"2017-01-30T16:55:11","date_gmt":"2017-01-30T19:55:11","guid":{"rendered":"http:\/\/www.cofarco.com.ar\/?p=1213"},"modified":"2017-01-30T16:55:11","modified_gmt":"2017-01-30T19:55:11","slug":"firma-del-convenio-pami-con-el-reconocimiento-de-las-farmacias","status":"publish","type":"post","link":"https:\/\/cofarco.com.ar\/ar\/2017\/01\/30\/firma-del-convenio-pami-con-el-reconocimiento-de-las-farmacias\/","title":{"rendered":"Firma del Convenio PAMI con el reconocimiento de las farmacias"},"content":{"rendered":"<p>Remitimos el Comunicado enviado por la COFA,\u00a0 informando sobre la firma del Convenio PAMI-Industria acontecida el d\u00eda viernes 27 de enero.<\/p>\n<p><strong>Estimados colegas:<\/strong><\/p>\n<p>Hoy viernes 27 de enero de 2017 se est\u00e1 firmando el convenio PAMI \/ Medicamentos, esta vez con el reconocimiento de las entidades representes de las farmacias. La integraci\u00f3n de las entidades farmac\u00e9uticas en la discusi\u00f3n junto al PAMI y a la Industria, constituye un enorme avance y reconocimiento de un hist\u00f3rico reclamo. La firma del convenio es esencial para garantizar la atenci\u00f3n a los afiliados del PAMI y el trabajo para nuestras farmacias.<\/p>\n<p>Es importante destacar que nuestros reclamos y las conversaciones sobre lo que necesitan las farmacias NO concluyen con esta firma, por el contrario, se abre una nueva etapa en las negociaciones entre farmacias, laboratorios y la obra social.<\/p>\n<p>Para los farmac\u00e9uticos se trata de un hecho trascendente, porque es un paso adelante para seguir con las negociaciones. Propusimos tres elementos para la discusi\u00f3n de este convenio: &#8211; Reducci\u00f3n de bonificaci\u00f3n. &#8211; Recuperaci\u00f3n de la financiaci\u00f3n &#8211; Participaci\u00f3n institucional dentro del convenio. A la fecha hemos logrados avanzar en dos de esos temas: Logramos la participaci\u00f3n institucional y un adelanto para que las farmacias peque\u00f1as y medianas dejen de financiar la Resoluci\u00f3n 337, y para que la atenci\u00f3n del convenio no ponga en riesgo la econom\u00eda de las farmacias.<\/p>\n<p>En los d\u00edas que vienen seguiremos con la lucha por nuestros reclamos, nosotros no retrocedemos en las demandas farmac\u00e9uticas, avanzamos en la defensa de nuestra profesi\u00f3n y nuestro trabajo, lo contrario de algunas organizaciones que se aliaron de manera incomprensible para debilitar nuestra red y poner en peligro a las farmacias y las instituciones que trabajamos en su defensa.<\/p>\n<p>Reiteramos a las farmacias la necesidad de remitirse a la informaci\u00f3n oficial emanada de sus instituciones, en este y otros casos, a fin de evitar tergiversaciones y rumores que afectan la veracidad de la informaci\u00f3n. La desinformaci\u00f3n de algunos medios s\u00f3lo pretende debilitar a las instituciones y favorecer el negocio de algunos personajes.<\/p>\n<p><strong>Farm. Mar\u00eda Isabel Reinoso Presidente<\/strong><\/p>\n<p style=\"text-align: right;\">Colegio de Farmac\u00e9uticos de Corrientes &#8211; Santa Fe 1186<\/p>\n<p style=\"text-align: right;\">Tel\u00e9fono (379-4425707\/4426749)<\/p>\n<p style=\"text-align: left;\"><a href=\"https:\/\/cofarco.com.ar\/ar\/wp-content\/uploads\/2017\/01\/comunicado_firma_convenio_pami-2.pdf\">comunicado_firma_convenio_pami-2<\/a><\/p>\n","protected":false},"excerpt":{"rendered":"<p>Remitimos el Comunicado enviado por la COFA,\u00a0 informando sobre la firma del Convenio PAMI-Industria acontecida el d\u00eda viernes 27 de enero. Estimados colegas: Hoy viernes 27 de enero de 2017 se est\u00e1 firmando el convenio PAMI \/ Medicamentos, esta vez con el reconocimiento de las entidades representes de las farmacias. La integraci\u00f3n de las entidades [&#8230;]\n","protected":false},"author":2,"featured_media":0,"comment_status":"open","ping_status":"open","sticky":false,"template":"","format":"standard","meta":{"footnotes":""},"categories":[1],"tags":[],"class_list":["post-1213","post","type-post","status-publish","format-standard","hentry","category-uncategorized"],"_links":{"self":[{"href":"https:\/\/cofarco.com.ar\/ar\/wp-json\/wp\/v2\/posts\/1213","targetHints":{"allow":["GET"]}}],"collection":[{"href":"https:\/\/cofarco.com.ar\/ar\/wp-json\/wp\/v2\/posts"}],"about":[{"href":"https:\/\/cofarco.com.ar\/ar\/wp-json\/wp\/v2\/types\/post"}],"author":[{"embeddable":true,"href":"https:\/\/cofarco.com.ar\/ar\/wp-json\/wp\/v2\/users\/2"}],"replies":[{"embeddable":true,"href":"https:\/\/cofarco.com.ar\/ar\/wp-json\/wp\/v2\/comments?post=1213"}],"version-history":[{"count":0,"href":"https:\/\/cofarco.com.ar\/ar\/wp-json\/wp\/v2\/posts\/1213\/revisions"}],"wp:attachment":[{"href":"https:\/\/cofarco.com.ar\/ar\/wp-json\/wp\/v2\/media?parent=1213"}],"wp:term":[{"taxonomy":"category","embeddable":true,"href":"https:\/\/cofarco.com.ar\/ar\/wp-json\/wp\/v2\/categories?post=1213"},{"taxonomy":"post_tag","embeddable":true,"href":"https:\/\/cofarco.com.ar\/ar\/wp-json\/wp\/v2\/tags?post=1213"}],"curies":[{"name":"wp","href":"https:\/\/api.w.org\/{rel}","templated":true}]}}