{"id":1250,"date":"2017-03-16T08:00:52","date_gmt":"2017-03-16T11:00:52","guid":{"rendered":"http:\/\/www.cofarco.com.ar\/?p=1250"},"modified":"2017-03-16T08:00:52","modified_gmt":"2017-03-16T11:00:52","slug":"certificacion-en-farmacia-hospitalaria","status":"publish","type":"post","link":"https:\/\/cofarco.com.ar\/ar\/2017\/03\/16\/certificacion-en-farmacia-hospitalaria\/","title":{"rendered":"Certificaci\u00f3n en Farmacia Hospitalaria"},"content":{"rendered":"<p>BOLET\u00cdN OFICIAL N\u00ba 33.517<\/p>\n<p>MINISTERIO DE SALUD<\/p>\n<p>Resoluci\u00f3n 2137 &#8211; E\/2016<\/p>\n<p>Ciudad de Buenos Aires, 30\/11\/2016<\/p>\n<p>VISTO el expediente N\u00ba 2002-17338\/13-9 del registro del MINISTERIO DE SALUD, las Leyes<\/p>\n<p>17.132 y 23.873, los Decretos N\u00ba 7595\/1963, ratificado por Ley 16.478 y N\u00ba 587 de fecha 10 de<\/p>\n<p>mayo de 2004, la Resoluci\u00f3n Ministerial N\u00ba 1186 de fecha 16 de agosto de 2013, Resoluci\u00f3n<\/p>\n<p>Ministerial N\u00ba 450\/06, Resoluci\u00f3n Ministerial N\u00ba 1342\/07, y<\/p>\n<p>CONSIDERANDO:<\/p>\n<p>Que es necesario afirmar el rol de Rector\u00eda del MINISTERIO DE SALUD en el desarrollo y calidad<\/p>\n<p>de los Recursos Humanos en Salud en consenso con las 24 jurisdicciones del pa\u00eds.<\/p>\n<p>Que el ordenamiento racional, la planificaci\u00f3n y distribuci\u00f3n de los Recursos Humanos en Salud<\/p>\n<p>son un componente central de las pol\u00edticas de Recursos Humanos en Salud.<\/p>\n<p>Que la profesi\u00f3n farmac\u00e9utica ha desarrollado diversas modalidades de formaci\u00f3n de post grado<\/p>\n<p>y esto ha determinado la existencia de especializaciones en la profesi\u00f3n.<\/p>\n<p>Que las especialidades farmac\u00e9uticas reconocidas fueron armonizadas con las jurisdicciones<\/p>\n<p>provinciales y aprobadas por la Resoluci\u00f3n Ministerial N\u00ba 1186 de fecha 16 de agosto de 2013.<\/p>\n<p>Que entre dichas especialidades farmac\u00e9uticas se encuentra la de Farmacia Hospitalaria.<\/p>\n<p>Que en el Anexo II de la Resoluci\u00f3n Ministerial N\u00ba 1186 de fecha 16 de agosto de 2013 se ha<\/p>\n<p>dispuesto como una de las modalidades de certificaci\u00f3n el poseer certificaci\u00f3n otorgada por<\/p>\n<p>entidad cient\u00edfica de la especialidad, reconocida a tal efecto por la autoridad de aplicaci\u00f3n.<\/p>\n<p>Que la ASOCIACI\u00d3N ARGENTINA DE FARMAC\u00c9UTICOS DE HOSPITAL ha solicitado su reconocimiento<\/p>\n<p>como entidad cient\u00edfica por el MINISTERIO DE SALUD DE LA NACI\u00d3N.<\/p>\n<p>Que la ASOCIACI\u00d3N ARGENTINA DE FARMAC\u00c9UTICOS DE HOSPITAL ha acreditado tener Personer\u00eda<\/p>\n<p>Jur\u00eddica, representatividad, jerarqu\u00eda cient\u00edfica y actuaci\u00f3n en el medio.<\/p>\n<p>Que los mecanismos utilizados por la Instituci\u00f3n para otorgar la certificaci\u00f3n de especialista en<\/p>\n<p>Farmacia Hospitalaria en el caso de ser por evaluaci\u00f3n y\/o examen, a partir de los antecedentes<\/p>\n<p>presentados, son concordantes y no menores a lo exigidos en el inciso d) del Anexo II de la<\/p>\n<p>Resoluci\u00f3n 1186\/2013.<\/p>\n<p>Que tambi\u00e9n deben ser equivalentes las otras alternativas con el fin de resguardar los principios<\/p>\n<p>de equidad e igualdad en los distintos procedimientos previstos legalmente.<\/p>\n<p>Que en virtud de las normativas vigentes, el COLEGIO OFICIAL DE FARMACEUTICOS Y BIOQUIMICOS<\/p>\n<p>DE LA CAPITAL FEDERAL debe ser el responsable del procedimiento de certificaci\u00f3n<\/p>\n<p>de las especialidades Farmac\u00e9uticas en la jurisdicci\u00f3n de la Ciudad Aut\u00f3noma de Buenos Aires.<\/p>\n<p>Que las Sociedades Cient\u00edficas que aspiren ser evaluadoras del Sistema Nacional de Acreditaci\u00f3n<\/p>\n<p>de Residencias del Equipo de Salud, aprobadas por la Resoluci\u00f3n Ministerial N\u00ba 450\/06,<\/p>\n<p>Resoluci\u00f3n Ministerial N\u00ba 1342\/07 deben haber obtenido previamente el reconocimiento cient\u00edfico<\/p>\n<p>en la materia.<\/p>\n<p>Que la DIRECCION NACIONAL DE REGULACION SANITARIA Y CALIDAD EN SERVICIOS DE<\/p>\n<p>SALUD, la DIRECCION NACIONAL DE REGISTRO, FISCALIZACION Y SANIDAD DE FRONTERAS<\/p>\n<p>y la SUBSECRETARIA DE POLITICAS, REGULACION Y FISCALIZACION avalan este reconocimiento.<\/p>\n<p>Que la DIRECCION GENERAL DE ASUNTOS JURIDICOS ha tomado la intervenci\u00f3n de su competencia.<\/p>\n<p>Que se act\u00faa conforme a las disposiciones de la \u201cLey de Ministerios T.O. 1992\u201d, modificada por<\/p>\n<p>Ley N\u00ba 26.338.<\/p>\n<p>Por ello,<\/p>\n<p>EL MINISTRO DE SALUD<\/p>\n<p>RESUELVE:<\/p>\n<p>ART\u00cdCULO 1\u00ba \u2014 Recon\u00f3cese a la ASOCIACI\u00d3N ARGENTINA DE FARMAC\u00c9UTICOS DE HOSPITAL<\/p>\n<p>como entidad cient\u00edfica certificante de la especialidad farmac\u00e9utica Farmacia Hospitalaria.<\/p>\n<p>ART\u00cdCULO 2\u00ba \u2014 Establ\u00e9zcase que los profesionales farmac\u00e9uticos que presenten una certificaci\u00f3n<\/p>\n<p>de la especialidad Farmacia Hospitalaria otorgada por la ASOCIACI\u00d3N ARGENTINA DE<\/p>\n<p>FARMAC\u00c9UTICOS DE HOSPITAL, en los t\u00e9rminos establecidos en el Inciso d) del Anexo II de la<\/p>\n<p>Resoluci\u00f3n 1186\/2013, cumplen con los requerimientos acordados con el COLEGIO OFICIAL DE<\/p>\n<p>FARMACEUTICOS Y BIOQUIMICOS DE LA CAPITAL FEDERAL para ser certificados por dicho<\/p>\n<p>COLEGIO en la jurisdicci\u00f3n de la Ciudad Aut\u00f3noma de Buenos Aires.<\/p>\n<p>ART\u00cdCULO 3\u00ba \u2014 Todo cambio en los mecanismos de Certificaci\u00f3n de la especialidad Farmacia<\/p>\n<p>Hospitalaria por parte de la ASOCIACI\u00d3N ARGENTINA DE FARMAC\u00c9UTICOS DE HOSPITAL deber\u00e1<\/p>\n<p>ser previamente autorizado por el MINISTERIO DE SALUD. Este incumplimiento dar\u00e1 lugar<\/p>\n<p>a la revocaci\u00f3n del presente reconocimiento por este Ministerio.<\/p>\n<p>ART\u00cdCULO 4\u00ba \u2014 La ASOCIACI\u00d3N ARGENTINA DE FARMAC\u00c9UTICOS DE HOSPITAL podr\u00e1 acceder<\/p>\n<p>con los requisitos necesarios, al cumplimiento de las Resoluciones Ministeriales 450\/06 y<\/p>\n<p>1342\/07 para el reconocimiento como entidad evaluadora del Sistema Nacional de Acreditaci\u00f3n<\/p>\n<p>de Residencias del Equipo de Salud.<\/p>\n<p>ART\u00cdCULO 5\u00ba \u2014 Reg\u00edstrese, comun\u00edquese, publ\u00edquese, d\u00e9se a la DIRECCI\u00d3N NACIONAL DE<\/p>\n<p>REGISTRO OFICIAL y arch\u00edvese. \u2014 JORGE DANIEL LEMUS, Ministro, Ministerio de Salud.<\/p>\n<p>#F522<\/p>\n","protected":false},"excerpt":{"rendered":"<p>BOLET\u00cdN OFICIAL N\u00ba 33.517 MINISTERIO DE SALUD Resoluci\u00f3n 2137 &#8211; E\/2016 Ciudad de Buenos Aires, 30\/11\/2016 VISTO el expediente N\u00ba 2002-17338\/13-9 del registro del MINISTERIO DE SALUD, las Leyes 17.132 y 23.873, los Decretos N\u00ba 7595\/1963, ratificado por Ley 16.478 y N\u00ba 587 de fecha 10 de mayo de 2004, la Resoluci\u00f3n Ministerial N\u00ba 1186 [&#8230;]\n","protected":false},"author":2,"featured_media":0,"comment_status":"open","ping_status":"open","sticky":false,"template":"","format":"standard","meta":{"footnotes":""},"categories":[1],"tags":[],"class_list":["post-1250","post","type-post","status-publish","format-standard","hentry","category-uncategorized"],"_links":{"self":[{"href":"https:\/\/cofarco.com.ar\/ar\/wp-json\/wp\/v2\/posts\/1250","targetHints":{"allow":["GET"]}}],"collection":[{"href":"https:\/\/cofarco.com.ar\/ar\/wp-json\/wp\/v2\/posts"}],"about":[{"href":"https:\/\/cofarco.com.ar\/ar\/wp-json\/wp\/v2\/types\/post"}],"author":[{"embeddable":true,"href":"https:\/\/cofarco.com.ar\/ar\/wp-json\/wp\/v2\/users\/2"}],"replies":[{"embeddable":true,"href":"https:\/\/cofarco.com.ar\/ar\/wp-json\/wp\/v2\/comments?post=1250"}],"version-history":[{"count":0,"href":"https:\/\/cofarco.com.ar\/ar\/wp-json\/wp\/v2\/posts\/1250\/revisions"}],"wp:attachment":[{"href":"https:\/\/cofarco.com.ar\/ar\/wp-json\/wp\/v2\/media?parent=1250"}],"wp:term":[{"taxonomy":"category","embeddable":true,"href":"https:\/\/cofarco.com.ar\/ar\/wp-json\/wp\/v2\/categories?post=1250"},{"taxonomy":"post_tag","embeddable":true,"href":"https:\/\/cofarco.com.ar\/ar\/wp-json\/wp\/v2\/tags?post=1250"}],"curies":[{"name":"wp","href":"https:\/\/api.w.org\/{rel}","templated":true}]}}