{"id":1278,"date":"2017-04-21T20:19:20","date_gmt":"2017-04-21T23:19:20","guid":{"rendered":"http:\/\/www.cofarco.com.ar\/?p=1278"},"modified":"2017-04-21T20:19:20","modified_gmt":"2017-04-21T23:19:20","slug":"el-colegio-de-farmaceuticos-de-corrientes-impulsa-proyectos-para-mejorar-la-cobertura-del-servicio","status":"publish","type":"post","link":"https:\/\/cofarco.com.ar\/ar\/2017\/04\/21\/el-colegio-de-farmaceuticos-de-corrientes-impulsa-proyectos-para-mejorar-la-cobertura-del-servicio\/","title":{"rendered":"El Colegio de Farmac\u00e9uticos de Corrientes impulsa proyectos para mejorar la cobertura del servicio"},"content":{"rendered":"<p>Miembros de la Comisi\u00f3n Directiva del Colegio de Farmac\u00e9uticos de Corrientes (Cofarco), encabezados por su presidente, Desiree Lancelle Monferrer, se reunieron este jueves con el Intendente de la Ciudad, ingeniero Fabi\u00e1n R\u00edos, con el prop\u00f3sito de promover la sanci\u00f3n de una ordenanza que regule la distancia entre farmacias, evitando la concentraci\u00f3n en el casco c\u00e9ntrico. Asimismo, solicitaron al jefe comunal la puesta en vigencia de la norma que proh\u00edbe la venta de medicamentos en comercios no habilitados a tal fin.<\/p>\n<p>El encuentro tuvo lugar en el palacio municipal, en horas del mediod\u00eda. Participaron adem\u00e1s los farmac\u00e9uticos Silvia Rodr\u00edguez (tesorera); Claudio Acevedo (vocal titular), y Sandra canteros (Vocal).<\/p>\n<p>En primer lugar, se present\u00f3 al intendente la propuesta de trabajar en una normativa que garantice la distribuci\u00f3n racional en la zona urbana de la ciudad. En ese sentido, Cofarco plante\u00f3 la necesidad de brindar una mayor cobertura geogr\u00e1fica y la menor concentraci\u00f3n en determinadas zonas, como ser el casco c\u00e9ntrico. La propuesta es que las nuevas autorizaciones para la instalaci\u00f3n de farmacias respeten una distancia m\u00ednima de 300 metros entre farmacias habilitadas.<\/p>\n<p>Adem\u00e1s, la presidente del Colegio de Farmac\u00e9uticos, solicit\u00f3 a Fabi\u00e1n R\u00edos arbitre las gestiones necesarias para la puesta en vigencia de la ordenanza municipal que se aprob\u00f3 en octubre del a\u00f1o 2013 y que proh\u00edbe en todo el ejido municipal el expendio, venta, despacho y distribuci\u00f3n de medicamentos o especialidades medicinales, cualquiera sea su condici\u00f3n de expendio en todos los lugares que no hayan sido especialmente habilitados para ello.<\/p>\n<p>Por \u00faltimo, el Colegio ofreci\u00f3 su colaboraci\u00f3n en todo tipo de actividades relacionadas a la salud que encare el Municipio. Entre ellas, la capacitaci\u00f3n de los inspectores que salgan a realizar los controles en quioscos y supermercados donde se comercialicen medicamentos.<\/p>\n<p><img fetchpriority=\"high\" decoding=\"async\" class=\"size-medium wp-image-1279 aligncenter\" src=\"https:\/\/cofarco.com.ar\/ar\/wp-content\/uploads\/2017\/04\/f1-300x201.jpg\" alt=\"\" width=\"300\" height=\"201\" \/><\/p>\n<p><img decoding=\"async\" class=\"size-medium wp-image-1280 aligncenter\" src=\"https:\/\/cofarco.com.ar\/ar\/wp-content\/uploads\/2017\/04\/f2-300x201.jpg\" alt=\"\" width=\"300\" height=\"201\" \/><\/p>\n","protected":false},"excerpt":{"rendered":"<p>Miembros de la Comisi\u00f3n Directiva del Colegio de Farmac\u00e9uticos de Corrientes (Cofarco), encabezados por su presidente, Desiree Lancelle Monferrer, se reunieron este jueves con el Intendente de la Ciudad, ingeniero Fabi\u00e1n R\u00edos, con el prop\u00f3sito de promover la sanci\u00f3n de una ordenanza que regule la distancia entre farmacias, evitando la concentraci\u00f3n en el casco c\u00e9ntrico. [&#8230;]\n","protected":false},"author":2,"featured_media":0,"comment_status":"open","ping_status":"open","sticky":false,"template":"","format":"standard","meta":{"footnotes":""},"categories":[1],"tags":[],"class_list":["post-1278","post","type-post","status-publish","format-standard","hentry","category-uncategorized"],"_links":{"self":[{"href":"https:\/\/cofarco.com.ar\/ar\/wp-json\/wp\/v2\/posts\/1278","targetHints":{"allow":["GET"]}}],"collection":[{"href":"https:\/\/cofarco.com.ar\/ar\/wp-json\/wp\/v2\/posts"}],"about":[{"href":"https:\/\/cofarco.com.ar\/ar\/wp-json\/wp\/v2\/types\/post"}],"author":[{"embeddable":true,"href":"https:\/\/cofarco.com.ar\/ar\/wp-json\/wp\/v2\/users\/2"}],"replies":[{"embeddable":true,"href":"https:\/\/cofarco.com.ar\/ar\/wp-json\/wp\/v2\/comments?post=1278"}],"version-history":[{"count":0,"href":"https:\/\/cofarco.com.ar\/ar\/wp-json\/wp\/v2\/posts\/1278\/revisions"}],"wp:attachment":[{"href":"https:\/\/cofarco.com.ar\/ar\/wp-json\/wp\/v2\/media?parent=1278"}],"wp:term":[{"taxonomy":"category","embeddable":true,"href":"https:\/\/cofarco.com.ar\/ar\/wp-json\/wp\/v2\/categories?post=1278"},{"taxonomy":"post_tag","embeddable":true,"href":"https:\/\/cofarco.com.ar\/ar\/wp-json\/wp\/v2\/tags?post=1278"}],"curies":[{"name":"wp","href":"https:\/\/api.w.org\/{rel}","templated":true}]}}