{"id":13222,"date":"2023-06-30T12:01:45","date_gmt":"2023-06-30T15:01:45","guid":{"rendered":"https:\/\/cofarco.com.ar\/ar\/?p=13222"},"modified":"2023-06-30T12:02:09","modified_gmt":"2023-06-30T15:02:09","slug":"xxix-congreso-farmaceutico-argentino","status":"publish","type":"post","link":"https:\/\/cofarco.com.ar\/ar\/2023\/06\/30\/xxix-congreso-farmaceutico-argentino\/","title":{"rendered":"XXIX Congreso Farmac\u00e9utico Argentino"},"content":{"rendered":"<p><img fetchpriority=\"high\" decoding=\"async\" class=\"size-medium wp-image-13223 aligncenter\" src=\"https:\/\/cofarco.com.ar\/ar\/wp-content\/uploads\/2023\/06\/Post-Agendar_FB-IG-400x400.jpg\" alt=\"\" width=\"400\" height=\"400\" \/><\/p>\n<p>Desde el jueves 26 hasta el s\u00e1bado 28 de octubre, bajo el lema \u201cMayor presencia farmac\u00e9utica, mejor gesti\u00f3n de la salud\u201d, se desarrollar\u00e1 en la ciudad de Paran\u00e1, la edici\u00f3n 2023 del Congreso Farmac\u00e9utico Argentino, el evento profesional m\u00e1s importante del pa\u00eds.<\/p>\n<p>El imponente Centro Provincial de Convenciones, a la vera del r\u00edo, ser\u00e1 el espacio donde disertantes nacionales e internacionales, a trav\u00e9s de conferencias, conversatorios y workshops traer\u00e1n las \u00faltimas novedades en todas las \u00e1reas de ejercicio de la profesi\u00f3n: Farmacia comunitaria, hospitalaria, preparaciones magistrales, esterilizaci\u00f3n, educaci\u00f3n, pol\u00edticas sanitarias, entre otras.<\/p>\n<p>Compartir\u00e1n los avances en diagn\u00f3stico y tratamiento de la hipertensi\u00f3n arterial, las caracter\u00edsticas de los nuevos anticoagulantes y antiagregantes orales para la prevenci\u00f3n de isquemias e infartos; nuevos abordajes de la diabetes, la dislipemia, apnea del sue\u00f1o, asma y EPOC; formulaciones magistrales para tratamiento del dolor; y las innovaciones en vacunas. Habr\u00e1 conferencias sobre bioequivalentes, \u00faltimas tecnolog\u00edas gen\u00e9ticas y evaluaci\u00f3n de tecnolog\u00edas. Tambi\u00e9n se tratar\u00e1 la gesti\u00f3n de calidad en las farmacias con herramientas y estrategias de buenas pr\u00e1cticas.<\/p>\n<p>En el marco del congreso se realizar\u00e1n talleres sobre esterilizaci\u00f3n y sobre el Servicio Farmac\u00e9utico de inmunizaci\u00f3n. Habr\u00e1n conversatorios abordando la problem\u00e1tica de la RAM y el futuro de la profesi\u00f3n, con referentes nacionales e internacionales como el presidente de la Federaci\u00f3n Farmac\u00e9utica Sudamericana, Mauricio Huberman. Tambi\u00e9n se desarrollar\u00e1 una jornada sobre econom\u00eda de la farmacia.<\/p>\n<p>Como todos los a\u00f1os habr\u00e1 una exhibici\u00f3n de posters cient\u00edficos en las \u00e1reas Actividad Profesional en Farmacia, Educaci\u00f3n Farmac\u00e9utica, Gesti\u00f3n de Salud e Investigaci\u00f3n y Desarrollo. Ya est\u00e1 abierta la recepci\u00f3n de res\u00famenes. Deben enviarse a: posters.congreso@cofa.org.ar. El reglamento para la presentaci\u00f3n est\u00e1 disponible en:\u00a0<a tabindex=\"0\" href=\"https:\/\/bit.ly\/Reglamento_Posters?fbclid=IwAR3inQ9oxYOPOYb7HirXCtb5dWeMlcjCZDqNU_lv9He0DN6NzyvV7RqrfgU\" target=\"_blank\" rel=\"nofollow noopener noreferrer\">https:\/\/bit.ly\/Reglamento_Posters<\/a><\/p>\n<p>La culminaci\u00f3n del evento ser\u00e1 una multitudinaria fiesta con una espectacular ambientaci\u00f3n y show en vivo.<\/p>\n<p>Pr\u00f3ximamente publicaremos m\u00e1s informaci\u00f3n.<\/p>\n<p>La inscripci\u00f3n se realiza a trav\u00e9s de los Colegios.<\/p>\n","protected":false},"excerpt":{"rendered":"<p>Desde el jueves 26 hasta el s\u00e1bado 28 de octubre, bajo el lema \u201cMayor presencia farmac\u00e9utica, mejor gesti\u00f3n de la salud\u201d, se desarrollar\u00e1 en la ciudad de Paran\u00e1, la edici\u00f3n 2023 del Congreso Farmac\u00e9utico Argentino, el evento profesional m\u00e1s importante del pa\u00eds. El imponente Centro Provincial de Convenciones, a la vera del r\u00edo, ser\u00e1 el [&#8230;]\n","protected":false},"author":2,"featured_media":0,"comment_status":"closed","ping_status":"closed","sticky":false,"template":"","format":"standard","meta":{"footnotes":""},"categories":[71],"tags":[],"class_list":["post-13222","post","type-post","status-publish","format-standard","hentry","category-noticias"],"_links":{"self":[{"href":"https:\/\/cofarco.com.ar\/ar\/wp-json\/wp\/v2\/posts\/13222","targetHints":{"allow":["GET"]}}],"collection":[{"href":"https:\/\/cofarco.com.ar\/ar\/wp-json\/wp\/v2\/posts"}],"about":[{"href":"https:\/\/cofarco.com.ar\/ar\/wp-json\/wp\/v2\/types\/post"}],"author":[{"embeddable":true,"href":"https:\/\/cofarco.com.ar\/ar\/wp-json\/wp\/v2\/users\/2"}],"replies":[{"embeddable":true,"href":"https:\/\/cofarco.com.ar\/ar\/wp-json\/wp\/v2\/comments?post=13222"}],"version-history":[{"count":1,"href":"https:\/\/cofarco.com.ar\/ar\/wp-json\/wp\/v2\/posts\/13222\/revisions"}],"predecessor-version":[{"id":13224,"href":"https:\/\/cofarco.com.ar\/ar\/wp-json\/wp\/v2\/posts\/13222\/revisions\/13224"}],"wp:attachment":[{"href":"https:\/\/cofarco.com.ar\/ar\/wp-json\/wp\/v2\/media?parent=13222"}],"wp:term":[{"taxonomy":"category","embeddable":true,"href":"https:\/\/cofarco.com.ar\/ar\/wp-json\/wp\/v2\/categories?post=13222"},{"taxonomy":"post_tag","embeddable":true,"href":"https:\/\/cofarco.com.ar\/ar\/wp-json\/wp\/v2\/tags?post=13222"}],"curies":[{"name":"wp","href":"https:\/\/api.w.org\/{rel}","templated":true}]}}