{"id":1344,"date":"2017-06-29T10:50:21","date_gmt":"2017-06-29T13:50:21","guid":{"rendered":"http:\/\/www.cofarco.com.ar\/?p=1344"},"modified":"2017-06-29T10:50:21","modified_gmt":"2017-06-29T13:50:21","slug":"comunicado-sobre-la-continuidad-del-convenio-pami-medicamentos","status":"publish","type":"post","link":"https:\/\/cofarco.com.ar\/ar\/2017\/06\/29\/comunicado-sobre-la-continuidad-del-convenio-pami-medicamentos\/","title":{"rendered":"Comunicado sobre la Continuidad del Convenio PAMI Medicamentos"},"content":{"rendered":"<p>El 28 de junio por la noche, el Director Ejecutivo del PAMI y los representantes de la Industria Farmac\u00e9utica han rubricado finalmente el acuerdo que da continuidad al convenio de prestaci\u00f3n de medicamentos vigente desde enero pasado y que se extender\u00e1 hasta el 31 de marzo de 2018.<\/p>\n<p>De este modo se cumple lo anticipado oportunamente por nuestras entidades, llevando tranquilidad a farmacias y afiliados, sumando a esto que hemos reclamado verbalmente y por escrito, ante el Instituto y la Industria, definiciones acerca del cobro de las acreencias que se encuentra en cabeza de las farmacias.<\/p>\n<p>En el d\u00eda de ma\u00f1ana jueves se emitir\u00e1n las APF Resoluci\u00f3n 337 correspondientes a la 1\u00ba quincena de Junio para farmacias dentro del calce, e inmediatamente comenzaremos a desarrollar reuniones con la Industria Farmac\u00e9utica con el prop\u00f3sito de establecer un proceso de pago de la deuda reclamada as\u00ed como concretar la firma de un acuerdo entre el sector industrial y las entidades de la dispensaci\u00f3n en el que se disponga, entre otros puntos, un cronograma certero de pago de las prestaciones a partir de esta nueva etapa y la revisi\u00f3n de las condiciones econ\u00f3micas de la atenci\u00f3n del segmento de oncolog\u00eda y tratamientos especiales.<\/p>\n<p>Mantendremos informadas a las farmacias a medida que se vaya avanzando en estas gestiones llevando tranquilidad a los prestadores sobre la continuidad de trabajo que representa la prosecuci\u00f3n de este importante convenio.<\/p>\n<p><strong>Buenos Aires, 28 de junio de 2017<\/strong><\/p>\n<p><em>Farm. Maria Isabel REINOSO &#8211; Presidente \u2013 Confederaci\u00f3n Farmac\u00e9utica Argentina<\/em><\/p>\n<p><em>Farm. Miguel LOMBARDO &#8211; Presidente \u2013 Federaci\u00f3n Argentina de C\u00e1maras de Farmacia<\/em><\/p>\n<p><em>Sr. Carlos VILLAGRA &#8211; Presidente \u2013 Asociaci\u00f3n de Farmacias Mutuales y Sindicales de la Rep\u00fablica Argentina<\/em><\/p>\n","protected":false},"excerpt":{"rendered":"<p>El 28 de junio por la noche, el Director Ejecutivo del PAMI y los representantes de la Industria Farmac\u00e9utica han rubricado finalmente el acuerdo que da continuidad al convenio de prestaci\u00f3n de medicamentos vigente desde enero pasado y que se extender\u00e1 hasta el 31 de marzo de 2018. De este modo se cumple lo anticipado [&#8230;]\n","protected":false},"author":2,"featured_media":0,"comment_status":"open","ping_status":"open","sticky":false,"template":"","format":"standard","meta":{"footnotes":""},"categories":[71],"tags":[],"class_list":["post-1344","post","type-post","status-publish","format-standard","hentry","category-noticias"],"_links":{"self":[{"href":"https:\/\/cofarco.com.ar\/ar\/wp-json\/wp\/v2\/posts\/1344","targetHints":{"allow":["GET"]}}],"collection":[{"href":"https:\/\/cofarco.com.ar\/ar\/wp-json\/wp\/v2\/posts"}],"about":[{"href":"https:\/\/cofarco.com.ar\/ar\/wp-json\/wp\/v2\/types\/post"}],"author":[{"embeddable":true,"href":"https:\/\/cofarco.com.ar\/ar\/wp-json\/wp\/v2\/users\/2"}],"replies":[{"embeddable":true,"href":"https:\/\/cofarco.com.ar\/ar\/wp-json\/wp\/v2\/comments?post=1344"}],"version-history":[{"count":0,"href":"https:\/\/cofarco.com.ar\/ar\/wp-json\/wp\/v2\/posts\/1344\/revisions"}],"wp:attachment":[{"href":"https:\/\/cofarco.com.ar\/ar\/wp-json\/wp\/v2\/media?parent=1344"}],"wp:term":[{"taxonomy":"category","embeddable":true,"href":"https:\/\/cofarco.com.ar\/ar\/wp-json\/wp\/v2\/categories?post=1344"},{"taxonomy":"post_tag","embeddable":true,"href":"https:\/\/cofarco.com.ar\/ar\/wp-json\/wp\/v2\/tags?post=1344"}],"curies":[{"name":"wp","href":"https:\/\/api.w.org\/{rel}","templated":true}]}}