{"id":1360,"date":"2017-06-29T21:38:21","date_gmt":"2017-06-30T00:38:21","guid":{"rendered":"http:\/\/www.cofarco.com.ar\/?p=1360"},"modified":"2017-06-29T21:38:21","modified_gmt":"2017-06-30T00:38:21","slug":"1o-congreso-interdisciplinario-hacia-el-uso-racional-de-los-antibioticos","status":"publish","type":"post","link":"https:\/\/cofarco.com.ar\/ar\/2017\/06\/29\/1o-congreso-interdisciplinario-hacia-el-uso-racional-de-los-antibioticos\/","title":{"rendered":"1\u00ba Congreso interdisciplinario \u201cHacia el uso racional de los antibi\u00f3ticos\u201d"},"content":{"rendered":"<p>El Colegio Oficial de Farmac\u00e9uticos y Bioqu\u00edmicos de la Capital Federal organiza el 1\u00ba Congreso interdisciplinario \u201cHacia el uso racional de los antibi\u00f3ticos\u201d que se realizar\u00e1 del 7 al 9 de septiembre y que contar\u00e1 con la participaci\u00f3n de reconocidos especialistas y profesionales.<\/p>\n<p>Con modalidad presencial y a distancia, la jornada se propone abarcar las siguientes \u00e1reas del conocimiento:<\/p>\n<p>Gobierno Nacional y sistemas de salud<\/p>\n<p>Pacientes y la comunidad en general<\/p>\n<p>Microbiolog\u00eda<\/p>\n<p>Microbioma<\/p>\n<p>Fitomedicina<\/p>\n<p>Farmacolog\u00eda<\/p>\n<p>Nutrici\u00f3n<\/p>\n<p>Gen\u00e9tica<\/p>\n<p>Antropolog\u00eda<\/p>\n<p>Algunos de los ejes tem\u00e1ticos que se abordar\u00e1n son:<\/p>\n<p>Microbiota y microbioma en las patolog\u00edas complejas<\/p>\n<p>Microbiota y microbioma en las enfermedades inflamatorias<\/p>\n<p>El ecosistema intestinal en las enfermedades inflamatorias del intestino<\/p>\n<p>La permeabilidad intestinal en la fisiopatogenia de las enfermedades autoinmunes<\/p>\n<p>Microbiota y microbioma en las patolog\u00edas inmunoal\u00e9rgicas<\/p>\n<p>Legislaci\u00f3n<\/p>\n<p>Poblaciones especiales<\/p>\n<p>Paciente trasplantado y con inmunodeficiencia<\/p>\n<p>Antibi\u00f3tico terapia en pediatr\u00eda y en la paciente embarazada<\/p>\n<p>Antibi\u00f3tico terapia en el adulto mayor<\/p>\n<p>Mecanismo y\u00a0 aspectos de contenci\u00f3n de la resistencia antimicrobiana<\/p>\n<p>Administraci\u00f3n de antimicrobianos\u00a0 a los animales destinados al consumo humano: alimentos como causa de Resistencia Antimicrobiana<\/p>\n<p>Fitomedicina<\/p>\n<p>Antibacterianos<\/p>\n<p>Antibi\u00f3ticos naturales<\/p>\n<p>Antiparasitarios<\/p>\n<p>Antivirales<\/p>\n<p>Farmacogen\u00f3mica y la resistencia antimicrobiana<\/p>\n<p>APS: reorientaci\u00f3n de los servicios farmac\u00e9uticos comunitarios<\/p>\n<p>Visi\u00f3n antropol\u00f3gica: antibi\u00f3tico terapia. Magia, mito y realidad.<\/p>\n<p><strong>Hasta el 27 de julio hay tiempo para presentar comunicaciones libres.<\/strong><\/p>\n<p>Organiza Colegio Oficial de Farmac\u00e9uticos y Bioqu\u00edmicos de la Capital Federal<\/p>\n<p>Mayor informaci\u00f3n en el archivo adjunto.<\/p>\n","protected":false},"excerpt":{"rendered":"<p>El Colegio Oficial de Farmac\u00e9uticos y Bioqu\u00edmicos de la Capital Federal organiza el 1\u00ba Congreso interdisciplinario \u201cHacia el uso racional de los antibi\u00f3ticos\u201d que se realizar\u00e1 del 7 al 9 de septiembre y que contar\u00e1 con la participaci\u00f3n de reconocidos especialistas y profesionales. Con modalidad presencial y a distancia, la jornada se propone abarcar las [&#8230;]\n","protected":false},"author":2,"featured_media":0,"comment_status":"open","ping_status":"open","sticky":false,"template":"","format":"standard","meta":{"footnotes":""},"categories":[71],"tags":[],"class_list":["post-1360","post","type-post","status-publish","format-standard","hentry","category-noticias"],"_links":{"self":[{"href":"https:\/\/cofarco.com.ar\/ar\/wp-json\/wp\/v2\/posts\/1360","targetHints":{"allow":["GET"]}}],"collection":[{"href":"https:\/\/cofarco.com.ar\/ar\/wp-json\/wp\/v2\/posts"}],"about":[{"href":"https:\/\/cofarco.com.ar\/ar\/wp-json\/wp\/v2\/types\/post"}],"author":[{"embeddable":true,"href":"https:\/\/cofarco.com.ar\/ar\/wp-json\/wp\/v2\/users\/2"}],"replies":[{"embeddable":true,"href":"https:\/\/cofarco.com.ar\/ar\/wp-json\/wp\/v2\/comments?post=1360"}],"version-history":[{"count":0,"href":"https:\/\/cofarco.com.ar\/ar\/wp-json\/wp\/v2\/posts\/1360\/revisions"}],"wp:attachment":[{"href":"https:\/\/cofarco.com.ar\/ar\/wp-json\/wp\/v2\/media?parent=1360"}],"wp:term":[{"taxonomy":"category","embeddable":true,"href":"https:\/\/cofarco.com.ar\/ar\/wp-json\/wp\/v2\/categories?post=1360"},{"taxonomy":"post_tag","embeddable":true,"href":"https:\/\/cofarco.com.ar\/ar\/wp-json\/wp\/v2\/tags?post=1360"}],"curies":[{"name":"wp","href":"https:\/\/api.w.org\/{rel}","templated":true}]}}