{"id":1366,"date":"2017-07-03T19:07:52","date_gmt":"2017-07-03T22:07:52","guid":{"rendered":"http:\/\/www.cofarco.com.ar\/?p=1366"},"modified":"2017-07-03T19:07:52","modified_gmt":"2017-07-03T22:07:52","slug":"las-vacunas-herramienta-sanitaria","status":"publish","type":"post","link":"https:\/\/cofarco.com.ar\/ar\/2017\/07\/03\/las-vacunas-herramienta-sanitaria\/","title":{"rendered":"Las vacunas: herramienta sanitaria"},"content":{"rendered":"<p>La Confederaci\u00f3n Farmac\u00e9utica Argentina considera preocupante que se haya presentado un proyecto de ley que pretende hacer optativas vacunas que hoy est\u00e1n en el Calendario Nacional de Vacunaci\u00f3n.<\/p>\n<p>S\u00f3lo es necesario revisar la evoluci\u00f3n de la expectativa de vida en el mundo, las cifras epidemiol\u00f3gicas globales, las millones de muertes que las vacunas evitan.<\/p>\n<p>La decisi\u00f3n de vacunarse no es individual sino comunitaria. Una persona que no se vacuna es un potencial reservorio de una enfermedad infecto-contagiosa. Es decir, puede convertirse en el comienzo de un brote epid\u00e9mico, con las consecuencias sanitarias, sociales y econ\u00f3micas que esto implica.<\/p>\n<p>La consecuencia de una medida como la que se propone desde el proyecto de ley presentado recientemente es la involuci\u00f3n sanitaria de nuestro pa\u00eds. Es de una enorme irresponsabilidad y esperamos que la propia comunidad pueda entender la importancia de tener el calendario de vacunaci\u00f3n de toda la familia completo para poder mantener a las enfermedades infecto-contagiosas en los niveles que nuestro pa\u00eds ha alcanzado como logro sanitario.<\/p>\n<p>Las farmacias argentinas son centros habilitados de vacunaci\u00f3n. Los 20.000 farmac\u00e9uticos de nuestro pa\u00eds est\u00e1n a disposici\u00f3n de todas las consultas sobre vacunaci\u00f3n y prevenci\u00f3n de enfermedades y est\u00e1n especialmente formados para garantizar las condiciones de seguridad de las vacunas, su conservaci\u00f3n adecuada y aplicaci\u00f3n y tambi\u00e9n para reportar efectos adversos al sistema de farmacovigilancia de ANMAT.<\/p>\n<p>Invitamos a todas las personas que tienen dudas sobre la funci\u00f3n de las vacunas y su seguridad a consultar a su farmac\u00e9utico de confianza.<\/p>\n<p>Colegio de Farmac\u00e9uticos de Corrientes &#8211; Santa Fe 1186<\/p>\n<p>Tel\u00e9fono (379-4425707\/4426749)<\/p>\n","protected":false},"excerpt":{"rendered":"<p>La Confederaci\u00f3n Farmac\u00e9utica Argentina considera preocupante que se haya presentado un proyecto de ley que pretende hacer optativas vacunas que hoy est\u00e1n en el Calendario Nacional de Vacunaci\u00f3n. S\u00f3lo es necesario revisar la evoluci\u00f3n de la expectativa de vida en el mundo, las cifras epidemiol\u00f3gicas globales, las millones de muertes que las vacunas evitan. La [&#8230;]\n","protected":false},"author":2,"featured_media":0,"comment_status":"open","ping_status":"open","sticky":false,"template":"","format":"standard","meta":{"footnotes":""},"categories":[71],"tags":[],"class_list":["post-1366","post","type-post","status-publish","format-standard","hentry","category-noticias"],"_links":{"self":[{"href":"https:\/\/cofarco.com.ar\/ar\/wp-json\/wp\/v2\/posts\/1366","targetHints":{"allow":["GET"]}}],"collection":[{"href":"https:\/\/cofarco.com.ar\/ar\/wp-json\/wp\/v2\/posts"}],"about":[{"href":"https:\/\/cofarco.com.ar\/ar\/wp-json\/wp\/v2\/types\/post"}],"author":[{"embeddable":true,"href":"https:\/\/cofarco.com.ar\/ar\/wp-json\/wp\/v2\/users\/2"}],"replies":[{"embeddable":true,"href":"https:\/\/cofarco.com.ar\/ar\/wp-json\/wp\/v2\/comments?post=1366"}],"version-history":[{"count":0,"href":"https:\/\/cofarco.com.ar\/ar\/wp-json\/wp\/v2\/posts\/1366\/revisions"}],"wp:attachment":[{"href":"https:\/\/cofarco.com.ar\/ar\/wp-json\/wp\/v2\/media?parent=1366"}],"wp:term":[{"taxonomy":"category","embeddable":true,"href":"https:\/\/cofarco.com.ar\/ar\/wp-json\/wp\/v2\/categories?post=1366"},{"taxonomy":"post_tag","embeddable":true,"href":"https:\/\/cofarco.com.ar\/ar\/wp-json\/wp\/v2\/tags?post=1366"}],"curies":[{"name":"wp","href":"https:\/\/api.w.org\/{rel}","templated":true}]}}