{"id":1371,"date":"2017-07-08T09:17:31","date_gmt":"2017-07-08T12:17:31","guid":{"rendered":"http:\/\/www.cofarco.com.ar\/?p=1371"},"modified":"2019-01-29T11:50:24","modified_gmt":"2019-01-29T11:50:24","slug":"el-colegio-dono-materiales-para-una-escuela-de-bella-vista","status":"publish","type":"post","link":"https:\/\/cofarco.com.ar\/ar\/2017\/07\/08\/el-colegio-dono-materiales-para-una-escuela-de-bella-vista\/","title":{"rendered":"El Colegio don\u00f3 materiales para una escuela de Bella Vista"},"content":{"rendered":"<p>El Colegio de Farmac\u00e9uticos de la Provincia de Corrientes realiz\u00f3 una importante entrega de materiales de construcci\u00f3n a una escuela especial de la localidad de Bella Vista. El gesto se dio en el marco de una pol\u00edtica institucional de realizar donaciones cada a\u00f1o con el prop\u00f3sito de promover el deporte, la salud y la educaci\u00f3n.<\/p>\n<p>En esta ocasi\u00f3n, la donaci\u00f3n se efectu\u00f3 a trav\u00e9s del pedido del farmac\u00e9utico Augusto Rius, de la Farmacia Guaran\u00ed, de la localidad mencionada. La ayuda fue para la escuela especial N\u00b022 \u201cDon Pedro Merello\u201d y consisti\u00f3\u00a0 en 50 mt2 de piso cer\u00e1mico antideslizante, 40 mts de pintura l\u00e1tex, pastina y pegamento.<\/p>\n<p>La entrega se realiz\u00f3 en manos de farmac\u00e9uticos de esa localidad, en representaci\u00f3n del Colegio: Augusto Rius, \u00a0\u00c1ngel Aquino, Mayra Amarilla y Pablo Rial.<\/p>\n<p>Estas acciones son posibles gracias a todos los que forman parte del Colegio de Farmac\u00e9uticos de Corrientes. A todos ustedes, \u00a1muchas gracias!<\/p>\n<p><img fetchpriority=\"high\" decoding=\"async\" class=\"size-medium wp-image-1372 aligncenter\" src=\"https:\/\/cofarco.com.ar\/ar\/wp-content\/uploads\/2017\/07\/b001ca31-e465-4778-ac3a-77fda2c5bdb3-300x225.jpg\" alt=\"\" width=\"300\" height=\"225\" \/><\/p>\n<p><img decoding=\"async\" class=\"size-medium wp-image-1373 aligncenter\" src=\"https:\/\/cofarco.com.ar\/ar\/wp-content\/uploads\/2017\/07\/8c6ef97a-8d36-412d-89c7-9786b3536c19-300x225.jpg\" alt=\"\" width=\"300\" height=\"225\" \/><\/p>\n<div style=\"text-align: right;\">Colegio de Farmac\u00e9uticos de Corrientes &#8211; Santa Fe 1186<\/div>\n<div style=\"text-align: right;\">Tel\u00e9fono (379-4425707\/4426749)<\/div>\n","protected":false},"excerpt":{"rendered":"<p>El Colegio de Farmac\u00e9uticos de la Provincia de Corrientes realiz\u00f3 una importante entrega de materiales de construcci\u00f3n a una escuela especial de la localidad de Bella Vista. El gesto se dio en el marco de una pol\u00edtica institucional de realizar donaciones cada a\u00f1o con el prop\u00f3sito de promover el deporte, la salud y la educaci\u00f3n. [&#8230;]\n","protected":false},"author":2,"featured_media":0,"comment_status":"open","ping_status":"open","sticky":false,"template":"","format":"standard","meta":{"footnotes":""},"categories":[71],"tags":[],"class_list":["post-1371","post","type-post","status-publish","format-standard","hentry","category-noticias"],"_links":{"self":[{"href":"https:\/\/cofarco.com.ar\/ar\/wp-json\/wp\/v2\/posts\/1371","targetHints":{"allow":["GET"]}}],"collection":[{"href":"https:\/\/cofarco.com.ar\/ar\/wp-json\/wp\/v2\/posts"}],"about":[{"href":"https:\/\/cofarco.com.ar\/ar\/wp-json\/wp\/v2\/types\/post"}],"author":[{"embeddable":true,"href":"https:\/\/cofarco.com.ar\/ar\/wp-json\/wp\/v2\/users\/2"}],"replies":[{"embeddable":true,"href":"https:\/\/cofarco.com.ar\/ar\/wp-json\/wp\/v2\/comments?post=1371"}],"version-history":[{"count":1,"href":"https:\/\/cofarco.com.ar\/ar\/wp-json\/wp\/v2\/posts\/1371\/revisions"}],"predecessor-version":[{"id":2209,"href":"https:\/\/cofarco.com.ar\/ar\/wp-json\/wp\/v2\/posts\/1371\/revisions\/2209"}],"wp:attachment":[{"href":"https:\/\/cofarco.com.ar\/ar\/wp-json\/wp\/v2\/media?parent=1371"}],"wp:term":[{"taxonomy":"category","embeddable":true,"href":"https:\/\/cofarco.com.ar\/ar\/wp-json\/wp\/v2\/categories?post=1371"},{"taxonomy":"post_tag","embeddable":true,"href":"https:\/\/cofarco.com.ar\/ar\/wp-json\/wp\/v2\/tags?post=1371"}],"curies":[{"name":"wp","href":"https:\/\/api.w.org\/{rel}","templated":true}]}}