{"id":1384,"date":"2017-08-11T11:30:08","date_gmt":"2017-08-11T14:30:08","guid":{"rendered":"http:\/\/www.cofarco.com.ar\/?p=1384"},"modified":"2017-08-11T11:30:08","modified_gmt":"2017-08-11T14:30:08","slug":"charla-informativa-en-el-colegio-de-farmaceuticos-de-corrientes-2","status":"publish","type":"post","link":"https:\/\/cofarco.com.ar\/ar\/2017\/08\/11\/charla-informativa-en-el-colegio-de-farmaceuticos-de-corrientes-2\/","title":{"rendered":"Charla informativa en el Colegio de Farmac\u00e9uticos de Corrientes"},"content":{"rendered":"<p class=\"m_-7212786135927928160gmail-x_MsoNormal\">\u00a0Un importante n\u00famero de profesionales particip\u00f3 este mi\u00e9rcoles 2 de agosto de la charla informativa que organiz\u00f3 el Colegio de Farmac\u00e9uticos de Corrientes, en forma conjunta con el Ministerio de Salud de la Provincia. El encuentro estuco estuvo a cargo de la profesional en dicha disciplina, Claudia Guti\u00e9rrez, del Departamento de Farmacia y Droguer\u00eda de la cartera sanitaria.<\/p>\n<p class=\"m_-7212786135927928160gmail-x_MsoNormal\">Durante el encuentro se abordaron diversas cuestiones de inter\u00e9s para los farmac\u00e9uticos, como ser la Ley de Farmacia 17.565 (Decreto Reglamentario 504\/69), Sanciones, Libros de recetarios, psicotropicos y estupefacientes, Acondicionamiento de medicamentos termolabiles, control de temperatura, legislaci\u00f3n nacional de medicamentos y procedimientos seg\u00fan Anmat, trazabilidad, turnos y recetas.<\/p>\n<p class=\"m_-7212786135927928160gmail-x_MsoNormal\"><img fetchpriority=\"high\" decoding=\"async\" class=\"size-medium wp-image-1391 aligncenter\" src=\"https:\/\/cofarco.com.ar\/ar\/wp-content\/uploads\/2017\/08\/img_4061-300x225.jpg\" alt=\"\" width=\"300\" height=\"225\" \/><\/p>\n<p class=\"m_-7212786135927928160gmail-x_MsoNormal\"><img decoding=\"async\" class=\"size-medium wp-image-1390 aligncenter\" src=\"https:\/\/cofarco.com.ar\/ar\/wp-content\/uploads\/2017\/08\/img_4062-300x225.jpg\" alt=\"\" width=\"300\" height=\"225\" \/><\/p>\n<p class=\"m_-7212786135927928160gmail-x_MsoNormal\"><img decoding=\"async\" class=\"size-medium wp-image-1389 aligncenter\" src=\"https:\/\/cofarco.com.ar\/ar\/wp-content\/uploads\/2017\/08\/img_4063-300x225.jpg\" alt=\"\" width=\"300\" height=\"225\" \/><\/p>\n<p class=\"m_-7212786135927928160gmail-x_MsoNormal\"><img loading=\"lazy\" decoding=\"async\" class=\"size-medium wp-image-1388 aligncenter\" src=\"https:\/\/cofarco.com.ar\/ar\/wp-content\/uploads\/2017\/08\/img_4064-300x225.jpg\" alt=\"\" width=\"300\" height=\"225\" \/><\/p>\n<p class=\"m_-7212786135927928160gmail-x_MsoNormal\"><img loading=\"lazy\" decoding=\"async\" class=\"size-medium wp-image-1387 aligncenter\" src=\"https:\/\/cofarco.com.ar\/ar\/wp-content\/uploads\/2017\/08\/img_4065-300x225.jpg\" alt=\"\" width=\"300\" height=\"225\" \/><\/p>\n<p class=\"m_-7212786135927928160gmail-x_MsoNormal\"><img loading=\"lazy\" decoding=\"async\" class=\"size-medium wp-image-1386 aligncenter\" src=\"https:\/\/cofarco.com.ar\/ar\/wp-content\/uploads\/2017\/08\/img_4066-300x225.jpg\" alt=\"\" width=\"300\" height=\"225\" \/><\/p>\n<p class=\"m_-7212786135927928160gmail-x_MsoNormal\"><img loading=\"lazy\" decoding=\"async\" class=\"size-medium wp-image-1385 aligncenter\" src=\"https:\/\/cofarco.com.ar\/ar\/wp-content\/uploads\/2017\/08\/img_4070-300x225.jpg\" alt=\"\" width=\"300\" height=\"225\" \/><\/p>\n<div style=\"text-align: right;\">Colegio de Farmac\u00e9uticos de Corrientes &#8211; Santa Fe 1186<\/div>\n<div style=\"text-align: right;\">Tel\u00e9fono (379-4425707\/4426749)<\/div>\n","protected":false},"excerpt":{"rendered":"<p>\u00a0Un importante n\u00famero de profesionales particip\u00f3 este mi\u00e9rcoles 2 de agosto de la charla informativa que organiz\u00f3 el Colegio de Farmac\u00e9uticos de Corrientes, en forma conjunta con el Ministerio de Salud de la Provincia. El encuentro estuco estuvo a cargo de la profesional en dicha disciplina, Claudia Guti\u00e9rrez, del Departamento de Farmacia y Droguer\u00eda de [&#8230;]\n","protected":false},"author":2,"featured_media":0,"comment_status":"open","ping_status":"open","sticky":false,"template":"","format":"standard","meta":{"footnotes":""},"categories":[1],"tags":[],"class_list":["post-1384","post","type-post","status-publish","format-standard","hentry","category-uncategorized"],"_links":{"self":[{"href":"https:\/\/cofarco.com.ar\/ar\/wp-json\/wp\/v2\/posts\/1384","targetHints":{"allow":["GET"]}}],"collection":[{"href":"https:\/\/cofarco.com.ar\/ar\/wp-json\/wp\/v2\/posts"}],"about":[{"href":"https:\/\/cofarco.com.ar\/ar\/wp-json\/wp\/v2\/types\/post"}],"author":[{"embeddable":true,"href":"https:\/\/cofarco.com.ar\/ar\/wp-json\/wp\/v2\/users\/2"}],"replies":[{"embeddable":true,"href":"https:\/\/cofarco.com.ar\/ar\/wp-json\/wp\/v2\/comments?post=1384"}],"version-history":[{"count":0,"href":"https:\/\/cofarco.com.ar\/ar\/wp-json\/wp\/v2\/posts\/1384\/revisions"}],"wp:attachment":[{"href":"https:\/\/cofarco.com.ar\/ar\/wp-json\/wp\/v2\/media?parent=1384"}],"wp:term":[{"taxonomy":"category","embeddable":true,"href":"https:\/\/cofarco.com.ar\/ar\/wp-json\/wp\/v2\/categories?post=1384"},{"taxonomy":"post_tag","embeddable":true,"href":"https:\/\/cofarco.com.ar\/ar\/wp-json\/wp\/v2\/tags?post=1384"}],"curies":[{"name":"wp","href":"https:\/\/api.w.org\/{rel}","templated":true}]}}