{"id":1406,"date":"2017-08-23T16:36:30","date_gmt":"2017-08-23T19:36:30","guid":{"rendered":"http:\/\/www.cofarco.com.ar\/?p=1406"},"modified":"2017-08-23T16:36:30","modified_gmt":"2017-08-23T19:36:30","slug":"proximo-llamado-a-certificacion-30-de-septiembre","status":"publish","type":"post","link":"https:\/\/cofarco.com.ar\/ar\/2017\/08\/23\/proximo-llamado-a-certificacion-30-de-septiembre\/","title":{"rendered":"Pr\u00f3ximo llamado a certificaci\u00f3n: 30 de Septiembre"},"content":{"rendered":"<p><em>Se\u00f1ores colegas:<\/em><\/p>\n<p>Comunico a Uds. que el pr\u00f3ximo llamado a Certificaci\u00f3n cierra el 30 de septiembre, por lo cual se recibir\u00e1n\u00a0<strong>carpetas<\/strong>\u00a0hasta el d\u00eda\u00a0<strong>18 de septiembre<\/strong>\u00a0en el Colegio de Farmac\u00e9uticos de Corrientes, sin excepci\u00f3n.<\/p>\n<p>El tr\u00e1mite de Certificaci\u00f3n de los profesionales farmac\u00e9uticos se obtendr\u00e1 con un m\u00ednimo de 50 cr\u00e9ditos, considerando todos los antecedentes correspondientes a su historia profesional, no as\u00ed la recertificaci\u00f3n.<\/p>\n<p>Si existe continuidad entre tr\u00e1mite a vencer y tr\u00e1mite a iniciar, la reglamentaci\u00f3n vigente establece una disminuci\u00f3n del 10% o del 15% en los cr\u00e9ditos a alcanzar, seg\u00fan sea la primera o la segunda recertificaci\u00f3n, y son contabilizadas las actividades finalizadas durante el per\u00edodo\u00a0<strong>1\u00b0 de SEPTIEMBRE 2012 al 31 de AGOSTO de 2017.<\/strong><\/p>\n<p>Para cualquier consulta llamar a los tel\u00e9fonos:<\/p>\n<p>3794-540264 \u00a0Farm. Sandra\u00a0 Flores o 4450889, por\u00a0 la ma\u00f1ana.<\/p>\n<p>3794342207 Farm Yanina Bruic o 4450681, por la ma\u00f1ana.<\/p>\n<p>3794- 4475318 Ministerio de Salud P\u00fablica.<\/p>\n<p><strong><em>Las carpetas deben cumplir con los siguientes requisitos:<\/em><\/strong><\/p>\n<p>-Solicitud de adhesi\u00f3n.<\/p>\n<p>-Certificado de actuaci\u00f3n profesional y \u00e9tico actual, la cual debe ser solicitada al ministerio de salud p\u00fablica, llamar al TE: 4230563, para pedir requisitos, la nota para mayor rapidez debe contar con detalles como fecha de matriculaci\u00f3n, farmacias o instituciones que trabajaron hasta el momento.<\/p>\n<p>-Fotocopia de constancia de matriculaci\u00f3n, si es por primera vez.<\/p>\n<p>&#8211; Fotocopia del t\u00edtulo profesional, si es por primera vez.<\/p>\n<p>-Formulario de antecedentes farmac\u00e9utico completo.<\/p>\n<p>-Fotocopias de los certificados, los cuales deben ser presentados con los originales para ser certificados por el colegio. Sino vienen con los originales deben estar autenticados por escribano.<\/p>\n<p>-La solicitud de adhesi\u00f3n y el formulario de antecedentes deben estar guardados en un CD.<\/p>\n<p>-El tr\u00e1mite\u00a0 para farmac\u00e9uticos asociados es gratis, para el resto tiene un costo adicional de $ 1300 pesos.<\/p>\n<p>-Enviamos adjunto el material que debe ser completado.<\/p>\n<p>&nbsp;<\/p>\n<p><a href=\"https:\/\/cofarco.com.ar\/ar\/wp-content\/uploads\/2017\/08\/certificacion-formulario.doc\">certificacion-formulario<\/a><\/p>\n<p><a href=\"https:\/\/cofarco.com.ar\/ar\/wp-content\/uploads\/2017\/08\/nota-pedido-de-certificacion.docx\">nota-pedido-de-certificacion<\/a><\/p>\n<p><a href=\"https:\/\/cofarco.com.ar\/ar\/wp-content\/uploads\/2017\/08\/certificacion-nota-de-adhesion.doc\">certificacion-nota-de-adhesion<\/a><\/p>\n<p>&nbsp;<\/p>\n<div style=\"text-align: right;\">Colegio de Farmac\u00e9uticos de Corrientes &#8211; Santa Fe 1186<\/div>\n<div style=\"text-align: right;\">Tel\u00e9fono (379-4425707\/4426749)<\/div>\n","protected":false},"excerpt":{"rendered":"<p>Se\u00f1ores colegas: Comunico a Uds. que el pr\u00f3ximo llamado a Certificaci\u00f3n cierra el 30 de septiembre, por lo cual se recibir\u00e1n\u00a0carpetas\u00a0hasta el d\u00eda\u00a018 de septiembre\u00a0en el Colegio de Farmac\u00e9uticos de Corrientes, sin excepci\u00f3n. El tr\u00e1mite de Certificaci\u00f3n de los profesionales farmac\u00e9uticos se obtendr\u00e1 con un m\u00ednimo de 50 cr\u00e9ditos, considerando todos los antecedentes correspondientes a [&#8230;]\n","protected":false},"author":2,"featured_media":0,"comment_status":"open","ping_status":"open","sticky":false,"template":"","format":"standard","meta":{"footnotes":""},"categories":[71],"tags":[],"class_list":["post-1406","post","type-post","status-publish","format-standard","hentry","category-noticias"],"_links":{"self":[{"href":"https:\/\/cofarco.com.ar\/ar\/wp-json\/wp\/v2\/posts\/1406","targetHints":{"allow":["GET"]}}],"collection":[{"href":"https:\/\/cofarco.com.ar\/ar\/wp-json\/wp\/v2\/posts"}],"about":[{"href":"https:\/\/cofarco.com.ar\/ar\/wp-json\/wp\/v2\/types\/post"}],"author":[{"embeddable":true,"href":"https:\/\/cofarco.com.ar\/ar\/wp-json\/wp\/v2\/users\/2"}],"replies":[{"embeddable":true,"href":"https:\/\/cofarco.com.ar\/ar\/wp-json\/wp\/v2\/comments?post=1406"}],"version-history":[{"count":0,"href":"https:\/\/cofarco.com.ar\/ar\/wp-json\/wp\/v2\/posts\/1406\/revisions"}],"wp:attachment":[{"href":"https:\/\/cofarco.com.ar\/ar\/wp-json\/wp\/v2\/media?parent=1406"}],"wp:term":[{"taxonomy":"category","embeddable":true,"href":"https:\/\/cofarco.com.ar\/ar\/wp-json\/wp\/v2\/categories?post=1406"},{"taxonomy":"post_tag","embeddable":true,"href":"https:\/\/cofarco.com.ar\/ar\/wp-json\/wp\/v2\/tags?post=1406"}],"curies":[{"name":"wp","href":"https:\/\/api.w.org\/{rel}","templated":true}]}}