{"id":14414,"date":"2023-11-09T09:50:02","date_gmt":"2023-11-09T12:50:02","guid":{"rendered":"https:\/\/cofarco.com.ar\/ar\/?p=14414"},"modified":"2023-11-09T09:51:13","modified_gmt":"2023-11-09T12:51:13","slug":"jornada-de-farmacia-y-bioquimica-de-corrientes-3","status":"publish","type":"post","link":"https:\/\/cofarco.com.ar\/ar\/2023\/11\/09\/jornada-de-farmacia-y-bioquimica-de-corrientes-3\/","title":{"rendered":"II Jornadas de Farmacia y Bioqu\u00edmica de Corrientes: &#8220;Desaf\u00edos Actuales de la Formaci\u00f3n Integral&#8221;"},"content":{"rendered":"<p>Estimados Colegas:<\/p>\n<p>Informamos a ustedes que junto con el Colegio de Bioqu\u00edmicos de la Provincia de Corrientes, realizaremos las\u00a0<strong>II Jornadas de Farmacia y Bioqu\u00edmica de Corrientes<\/strong>\u00a0bajo el lema:\u00a0<em><strong>\u201cDesaf\u00edos Actuales de la<\/strong>\u00a0<strong>Formaci\u00f3n Integral<\/strong>\u201d<\/em>.<\/p>\n<p>Est\u00e1n dirigidas a: Profesionales Farmac\u00e9uticos y Bioqu\u00edmicos y estudiantes del \u00faltimo a\u00f1o de ambas carreras.<\/p>\n<p>Este evento se realizar\u00e1 con\u00a0<strong>modalidad dual (presencial y por zoom)<\/strong>\u00a0el d\u00eda Viernes 01 de Diciembre de 16 a 21 horas y el S\u00e1bado 02 de Diciembre de 09:30 a 13 horas en el sal\u00f3n Audit\u00f3rium del Instituto de Cardiolog\u00eda de Corrientes (Bol\u00edvar 1.334).<\/p>\n<p><span style=\"text-decoration: underline;\">Inversi\u00f3n<\/span>: Sin Costo<\/p>\n<p>Es por ello que invitamos a todos los profesionales de nuestra querida Provincia y Provincias vecinas a participar de las mismas. \u00a1Los esperamos!<\/p>\n<p>Los interesados en inscribirse deben hacerlo en el siguiente bot\u00f3n de link.<\/p>\n<p>Link de Inscripci\u00f3n: <a href=\"http:\/\/bit.ly\/3Qyb2f3\">http:\/\/bit.ly\/3Qyb2f3<\/a><\/p>\n<p>Cronograma del evento:<br \/>\n\n<div class=\"gde-error\">GDE Error: Error al recuperar el fichero. Si es necesario, desactiva la comprobaci\u00f3n de errores (404:Not Found)<\/div>\n\n<p>&nbsp;<\/p>\n","protected":false},"excerpt":{"rendered":"<p>Estimados Colegas: Informamos a ustedes que junto con el Colegio de Bioqu\u00edmicos de la Provincia de Corrientes, realizaremos las\u00a0II Jornadas de Farmacia y Bioqu\u00edmica de Corrientes\u00a0bajo el lema:\u00a0\u201cDesaf\u00edos Actuales de la\u00a0Formaci\u00f3n Integral\u201d. Est\u00e1n dirigidas a: Profesionales Farmac\u00e9uticos y Bioqu\u00edmicos y estudiantes del \u00faltimo a\u00f1o de ambas carreras. Este evento se realizar\u00e1 con\u00a0modalidad dual (presencial y [&#8230;]\n","protected":false},"author":2,"featured_media":0,"comment_status":"open","ping_status":"open","sticky":false,"template":"","format":"standard","meta":{"footnotes":""},"categories":[68],"tags":[],"class_list":["post-14414","post","type-post","status-publish","format-standard","hentry","category-cursos"],"_links":{"self":[{"href":"https:\/\/cofarco.com.ar\/ar\/wp-json\/wp\/v2\/posts\/14414","targetHints":{"allow":["GET"]}}],"collection":[{"href":"https:\/\/cofarco.com.ar\/ar\/wp-json\/wp\/v2\/posts"}],"about":[{"href":"https:\/\/cofarco.com.ar\/ar\/wp-json\/wp\/v2\/types\/post"}],"author":[{"embeddable":true,"href":"https:\/\/cofarco.com.ar\/ar\/wp-json\/wp\/v2\/users\/2"}],"replies":[{"embeddable":true,"href":"https:\/\/cofarco.com.ar\/ar\/wp-json\/wp\/v2\/comments?post=14414"}],"version-history":[{"count":3,"href":"https:\/\/cofarco.com.ar\/ar\/wp-json\/wp\/v2\/posts\/14414\/revisions"}],"predecessor-version":[{"id":14417,"href":"https:\/\/cofarco.com.ar\/ar\/wp-json\/wp\/v2\/posts\/14414\/revisions\/14417"}],"wp:attachment":[{"href":"https:\/\/cofarco.com.ar\/ar\/wp-json\/wp\/v2\/media?parent=14414"}],"wp:term":[{"taxonomy":"category","embeddable":true,"href":"https:\/\/cofarco.com.ar\/ar\/wp-json\/wp\/v2\/categories?post=14414"},{"taxonomy":"post_tag","embeddable":true,"href":"https:\/\/cofarco.com.ar\/ar\/wp-json\/wp\/v2\/tags?post=14414"}],"curies":[{"name":"wp","href":"https:\/\/api.w.org\/{rel}","templated":true}]}}