{"id":14483,"date":"2023-11-15T09:30:15","date_gmt":"2023-11-15T12:30:15","guid":{"rendered":"https:\/\/cofarco.com.ar\/ar\/?p=14483"},"modified":"2023-11-15T09:30:15","modified_gmt":"2023-11-15T12:30:15","slug":"convocatoria-asamblea-general-ordinaria-3","status":"publish","type":"post","link":"https:\/\/cofarco.com.ar\/ar\/2023\/11\/15\/convocatoria-asamblea-general-ordinaria-3\/","title":{"rendered":"CONVOCATORIA \u2013 ASAMBLEA GENERAL ORDINARIA"},"content":{"rendered":"<p>CONVOCATORIA \u2013 ASAMBLEA GENERAL ORDINARIA<\/p>\n<p>De acuerdo a lo resuelto en reuni\u00f3n del d\u00eda 11 de Octubre de 2.023, el Directorio del Colegio de Farmac\u00e9uticos de la Provincia de Corrientes, convoca a los se\u00f1ores asociados a la ASAMBLEA GENERAL ORDINARIA, a realizarse en la sede de la instituci\u00f3n, sita en calle Santa Fe N\u00ba 1.186 de esta ciudad, el d\u00eda Viernes 01 de Diciembre de 2.023, a las veinte (20:00) horas en primera citaci\u00f3n, y en supuesto caso de no obtenerse qu\u00f3rum a la hora de la primera citaci\u00f3n, se dar\u00e1 inicio una hora despu\u00e9s, es decir a las veinti\u00fan (21:00) horas en segunda convocatoria con los asociados presentes, cualquiera sea su n\u00famero (art\u00edculo 25), con el objeto de tratar el siguiente:<\/p>\n<p>ORDEN DEL DIA<\/p>\n<p>1- Designaci\u00f3n de dos (2) socios para firmar el Acta en representaci\u00f3n de la Asamblea, conjuntamente con la Presidente y Secretaria.-<\/p>\n<p>2- Consideraci\u00f3n, tratamiento, aprobaci\u00f3n o modificaci\u00f3n de la memoria, balance general del ejercicio vencido, inventario, cuentas de gastos y recursos e informe del \u00d3rgano de Fiscalizaci\u00f3n del ejercicio econ\u00f3mico N\u00b0 80 (periodo 01 de Agosto del 2.022 al 31 de Julio del 2.023); copia de dicha documentaci\u00f3n se hallar\u00e1 a disposici\u00f3n y consideraci\u00f3n de los asociados con diez (10) d\u00edas de antelaci\u00f3n a la fecha fijada para la celebraci\u00f3n de la Asamblea para ser retirado en la sede de la Instituci\u00f3n.<\/p>\n<p>3- Tratamiento de inversiones financieras para preservar el patrimonio de la Instituci\u00f3n.<\/p>\n<p>4- Convocatoria a elecciones de renovaci\u00f3n parcial de autoridades para ocupar los siguientes cargos: Tesorero, Vocal Titular 2\u00b0, Vocal Suplente 1\u00b0, Vocal Suplente 3\u00b0 y un miembro del \u00d3rgano de Fiscalizaci\u00f3n por finalizaci\u00f3n de mandatos y por el t\u00e9rmino de dos (2)\u00a0 a\u00f1os.<\/p>\n<p>Farm. Angelica Aurora FAVA\u00a0 \u00a0 \u00a0 \u00a0 \u00a0 \u00a0 \u00a0Farm. Desir\u00e9e LANCELLE MONFERRER<br \/>\nSecretaria\u00a0 \u00a0 \u00a0 \u00a0 \u00a0 \u00a0 \u00a0 \u00a0 \u00a0 \u00a0 \u00a0 \u00a0 \u00a0 \u00a0 \u00a0 \u00a0 \u00a0 \u00a0 \u00a0 \u00a0 \u00a0 Presidente<\/p>\n<p>Santa F\u00e9 1.186-TEL: 0379-4425707\/4426749 &#8211;<br \/>\n<a href=\"mailto:colfarmaceuticosctes@cofarco.com.ar\" target=\"_blank\" rel=\"noopener\">colfarmaceuticosctes@cofarco.com.ar<\/a>\u00a0&#8211; 3.400 CORRIENTES.-<\/p>\n\n<div class=\"gde-error\">GDE Error: Error al recuperar el fichero. Si es necesario, desactiva la comprobaci\u00f3n de errores (404:Not Found)<\/div>\n\n","protected":false},"excerpt":{"rendered":"<p>CONVOCATORIA \u2013 ASAMBLEA GENERAL ORDINARIA De acuerdo a lo resuelto en reuni\u00f3n del d\u00eda 11 de Octubre de 2.023, el Directorio del Colegio de Farmac\u00e9uticos de la Provincia de Corrientes, convoca a los se\u00f1ores asociados a la ASAMBLEA GENERAL ORDINARIA, a realizarse en la sede de la instituci\u00f3n, sita en calle Santa Fe N\u00ba 1.186 [&#8230;]\n","protected":false},"author":2,"featured_media":0,"comment_status":"closed","ping_status":"closed","sticky":false,"template":"","format":"standard","meta":{"footnotes":""},"categories":[71],"tags":[],"class_list":["post-14483","post","type-post","status-publish","format-standard","hentry","category-noticias"],"_links":{"self":[{"href":"https:\/\/cofarco.com.ar\/ar\/wp-json\/wp\/v2\/posts\/14483","targetHints":{"allow":["GET"]}}],"collection":[{"href":"https:\/\/cofarco.com.ar\/ar\/wp-json\/wp\/v2\/posts"}],"about":[{"href":"https:\/\/cofarco.com.ar\/ar\/wp-json\/wp\/v2\/types\/post"}],"author":[{"embeddable":true,"href":"https:\/\/cofarco.com.ar\/ar\/wp-json\/wp\/v2\/users\/2"}],"replies":[{"embeddable":true,"href":"https:\/\/cofarco.com.ar\/ar\/wp-json\/wp\/v2\/comments?post=14483"}],"version-history":[{"count":1,"href":"https:\/\/cofarco.com.ar\/ar\/wp-json\/wp\/v2\/posts\/14483\/revisions"}],"predecessor-version":[{"id":14484,"href":"https:\/\/cofarco.com.ar\/ar\/wp-json\/wp\/v2\/posts\/14483\/revisions\/14484"}],"wp:attachment":[{"href":"https:\/\/cofarco.com.ar\/ar\/wp-json\/wp\/v2\/media?parent=14483"}],"wp:term":[{"taxonomy":"category","embeddable":true,"href":"https:\/\/cofarco.com.ar\/ar\/wp-json\/wp\/v2\/categories?post=14483"},{"taxonomy":"post_tag","embeddable":true,"href":"https:\/\/cofarco.com.ar\/ar\/wp-json\/wp\/v2\/tags?post=14483"}],"curies":[{"name":"wp","href":"https:\/\/api.w.org\/{rel}","templated":true}]}}