{"id":1466,"date":"2017-11-01T16:51:26","date_gmt":"2017-11-01T19:51:26","guid":{"rendered":"http:\/\/www.cofarco.com.ar\/?p=1466"},"modified":"2017-11-01T16:51:26","modified_gmt":"2017-11-01T19:51:26","slug":"seminario-sobre-uso-medicinal-de-cannabis-y-derecho-penal","status":"publish","type":"post","link":"https:\/\/cofarco.com.ar\/ar\/2017\/11\/01\/seminario-sobre-uso-medicinal-de-cannabis-y-derecho-penal\/","title":{"rendered":"Seminario sobre uso medicinal de cannabis y Derecho Penal"},"content":{"rendered":"<p>La Asociaci\u00f3n Pensamiento Penal (APP) organiza un Seminario sobre la Ley de Cannabis Medicinal, con un punto de vista multidisciplinario. Entre sus disertantes, participar\u00e1 del doctor en Farmacia, Gerardo Fridman.<\/p>\n<p>A fines de marzo la C\u00e1mara de Senadores de la Naci\u00f3n aprob\u00f3 la Ley 27.350 del \u201cUso Medicinal de la Planta de Cannabis y sus derivados\u201d, que fue reglamentada por el Gobierno en septiembre. Se trata de una normativa con la que se busca beneficiar a las personas que recibieron una recomendaci\u00f3n m\u00e9dica del uso de los componentes medicinales de dicha planta.<\/p>\n<p>La ley establece la creaci\u00f3n de un listado en el que se incluya a la gente que est\u00e9 en esa situaci\u00f3n, de manera de que pueda recibir Cannabis medicinal de parte del Estado.<\/p>\n<p>El problema es que esto a\u00fan no se aplica en el pa\u00eds, por lo que las familias que recurren a estos medicamentos deben hacerlo de manera ilegal, ya que ellos cultivan la planta en sus casas. Debido a ello, la Asociaci\u00f3n Pensamiento Penal (APP) organiza un seminario para difundir y debatir sobre el tema, que tendr\u00e1 lugar los d\u00edas 28, 29 y 30 de noviembre en el Campus Universitario de la Facultad de Derecho y Ciencias Sociales y Pol\u00edticas de la Universidad Nacional del Nordeste (Unne).<\/p>\n<p>La actividad cuenta con el auspicio del Colegio de Farmac\u00e9utico de Corrientes (COFARCO). La APP Corrientes, propone abordar lo que considera una \u201ccompleja tem\u00e1tica\u201d por \u201cla imperiosa necesidad, de la sociedad toda, de tomar contacto con los aspectos m\u00e9dicos y jur\u00eddicos del Cannabis, a la luz de la reciente promulgaci\u00f3n y reglamentaci\u00f3n de la ley 27.350\u201d. Por ello, la convocatoria es abierta a profesionales y p\u00fablico en general.<\/p>\n<p>Los disertantes ser\u00e1n el abogado V\u00edctor Hugo Ben\u00edtez; la doctora en medicina y especialista en uso problem\u00e1tico de drogas, Raquel Peyraube; el abogado y diplomado en pol\u00edtica de drogas, Mariano Fusero; y el doctor en Farmacia de la Universidad de Buenos Aires (UBA), Gerardo Abraham Fridman.<\/p>\n<p>Para mayor informaci\u00f3n los interesados deber\u00e1n enviar un correo electr\u00f3nico a\u00a0<a href=\"mailto:corrientes@pensamientopenal.org.ar\">corrientes@pensamientopenal.org.ar<\/a>.<\/p>\n<p><img fetchpriority=\"high\" decoding=\"async\" class=\"size-medium wp-image-1467 aligncenter\" src=\"https:\/\/cofarco.com.ar\/ar\/wp-content\/uploads\/2017\/11\/23130666_1517829848306192_3668991966346939099_n-212x300.jpg\" alt=\"\" width=\"212\" height=\"300\" \/><\/p>\n<div style=\"text-align: right;\">Colegio de Farmac\u00e9uticos de Corrientes &#8211; Santa Fe 1186<\/div>\n<div style=\"text-align: right;\">Tel\u00e9fono (379-4425707\/4426749)<\/div>\n","protected":false},"excerpt":{"rendered":"<p>La Asociaci\u00f3n Pensamiento Penal (APP) organiza un Seminario sobre la Ley de Cannabis Medicinal, con un punto de vista multidisciplinario. Entre sus disertantes, participar\u00e1 del doctor en Farmacia, Gerardo Fridman. A fines de marzo la C\u00e1mara de Senadores de la Naci\u00f3n aprob\u00f3 la Ley 27.350 del \u201cUso Medicinal de la Planta de Cannabis y sus [&#8230;]\n","protected":false},"author":2,"featured_media":0,"comment_status":"open","ping_status":"open","sticky":false,"template":"","format":"standard","meta":{"footnotes":""},"categories":[1],"tags":[],"class_list":["post-1466","post","type-post","status-publish","format-standard","hentry","category-uncategorized"],"_links":{"self":[{"href":"https:\/\/cofarco.com.ar\/ar\/wp-json\/wp\/v2\/posts\/1466","targetHints":{"allow":["GET"]}}],"collection":[{"href":"https:\/\/cofarco.com.ar\/ar\/wp-json\/wp\/v2\/posts"}],"about":[{"href":"https:\/\/cofarco.com.ar\/ar\/wp-json\/wp\/v2\/types\/post"}],"author":[{"embeddable":true,"href":"https:\/\/cofarco.com.ar\/ar\/wp-json\/wp\/v2\/users\/2"}],"replies":[{"embeddable":true,"href":"https:\/\/cofarco.com.ar\/ar\/wp-json\/wp\/v2\/comments?post=1466"}],"version-history":[{"count":0,"href":"https:\/\/cofarco.com.ar\/ar\/wp-json\/wp\/v2\/posts\/1466\/revisions"}],"wp:attachment":[{"href":"https:\/\/cofarco.com.ar\/ar\/wp-json\/wp\/v2\/media?parent=1466"}],"wp:term":[{"taxonomy":"category","embeddable":true,"href":"https:\/\/cofarco.com.ar\/ar\/wp-json\/wp\/v2\/categories?post=1466"},{"taxonomy":"post_tag","embeddable":true,"href":"https:\/\/cofarco.com.ar\/ar\/wp-json\/wp\/v2\/tags?post=1466"}],"curies":[{"name":"wp","href":"https:\/\/api.w.org\/{rel}","templated":true}]}}