{"id":14789,"date":"2023-12-27T20:45:23","date_gmt":"2023-12-27T23:45:23","guid":{"rendered":"https:\/\/cofarco.com.ar\/ar\/?p=14789"},"modified":"2023-12-27T20:45:23","modified_gmt":"2023-12-27T23:45:23","slug":"la-cofa-se-reunio-con-las-nuevas-autoridades-del-pami","status":"publish","type":"post","link":"https:\/\/cofarco.com.ar\/ar\/2023\/12\/27\/la-cofa-se-reunio-con-las-nuevas-autoridades-del-pami\/","title":{"rendered":"LA COFA SE REUNI\u00d3 CON LAS NUEVAS AUTORIDADES DEL PAMI"},"content":{"rendered":"<p><img fetchpriority=\"high\" decoding=\"async\" class=\"alignnone size-medium wp-image-14790\" src=\"https:\/\/cofarco.com.ar\/ar\/wp-content\/uploads\/2023\/12\/cofaorg-400x400.jpeg\" alt=\"\" width=\"400\" height=\"400\" \/>En el d\u00eda de la fecha, martes 26 de diciembre, las autoridades de las cinco entidades farmac\u00e9uticas nacionales firmantes del Convenio de prestaci\u00f3n de medicamentos, hemos mantenido una reuni\u00f3n con las nuevas autoridades a cargo del PAMI, su Director Ejecutivo, Dr. Esteban Leguizamo; su Subdirector Ejecutivo, Dr. Carlos Zamparolo; y el Secretario General de Administraci\u00f3n, CPN Pedro Insausti.<\/p>\n<p>Durante el encuentro el PAMI hizo una presentaci\u00f3n formal de sus equipos de trabajo y cada entidad manifest\u00f3 la problem\u00e1tica del sector farmac\u00e9utico, as\u00ed como el amplio abanico de prestaciones que las farmacias de todo el pa\u00eds ofrecen a los jubilados en cualquier lugar que se encuentren en el territorio nacional, as\u00ed como el v\u00ednculo estrecho y cotidiano que cada farmacia mantiene con sus pacientes adultos mayores.<\/p>\n<p>Las autoridades del PAMI expresaron el total acompa\u00f1amiento para con la red de farmacias prestadoras, conocen las problem\u00e1ticas que atravesamos, ya que se trata de funcionarios con experiencia previa dentro del Instituto, y que es su intenci\u00f3n encarar dichas problem\u00e1ticas de manera inmediata. Al mismo tiempo manifest\u00f3 el Dr. Esteban Leguizamo que respetar\u00e1n las modalidades y tiempos de pago actualmente vigentes, y se comprometieron a abordar r\u00e1pidamente los aportes que hacen las farmacias al sistema, as\u00ed como la recomposici\u00f3n del Precio PAMI.<\/p>\n<p>Como conclusi\u00f3n se estableci\u00f3 una continuidad de di\u00e1logo abierto entre las entidades farmac\u00e9uticas y las autoridades del PAMI, con la intenci\u00f3n de construir en conjunto las pol\u00edticas que el Instituto lleva adelante en materia de prestaci\u00f3n de medicamentos, pa\u00f1ales, vacunaci\u00f3n y otras acciones, actuales o futuras, con la farmacia como v\u00ednculo con los jubilados en todo el pa\u00eds.<\/p>\n","protected":false},"excerpt":{"rendered":"<p>En el d\u00eda de la fecha, martes 26 de diciembre, las autoridades de las cinco entidades farmac\u00e9uticas nacionales firmantes del Convenio de prestaci\u00f3n de medicamentos, hemos mantenido una reuni\u00f3n con las nuevas autoridades a cargo del PAMI, su Director Ejecutivo, Dr. Esteban Leguizamo; su Subdirector Ejecutivo, Dr. Carlos Zamparolo; y el Secretario General de Administraci\u00f3n, [&#8230;]\n","protected":false},"author":2,"featured_media":0,"comment_status":"closed","ping_status":"closed","sticky":false,"template":"","format":"standard","meta":{"footnotes":""},"categories":[71],"tags":[],"class_list":["post-14789","post","type-post","status-publish","format-standard","hentry","category-noticias"],"_links":{"self":[{"href":"https:\/\/cofarco.com.ar\/ar\/wp-json\/wp\/v2\/posts\/14789","targetHints":{"allow":["GET"]}}],"collection":[{"href":"https:\/\/cofarco.com.ar\/ar\/wp-json\/wp\/v2\/posts"}],"about":[{"href":"https:\/\/cofarco.com.ar\/ar\/wp-json\/wp\/v2\/types\/post"}],"author":[{"embeddable":true,"href":"https:\/\/cofarco.com.ar\/ar\/wp-json\/wp\/v2\/users\/2"}],"replies":[{"embeddable":true,"href":"https:\/\/cofarco.com.ar\/ar\/wp-json\/wp\/v2\/comments?post=14789"}],"version-history":[{"count":1,"href":"https:\/\/cofarco.com.ar\/ar\/wp-json\/wp\/v2\/posts\/14789\/revisions"}],"predecessor-version":[{"id":14791,"href":"https:\/\/cofarco.com.ar\/ar\/wp-json\/wp\/v2\/posts\/14789\/revisions\/14791"}],"wp:attachment":[{"href":"https:\/\/cofarco.com.ar\/ar\/wp-json\/wp\/v2\/media?parent=14789"}],"wp:term":[{"taxonomy":"category","embeddable":true,"href":"https:\/\/cofarco.com.ar\/ar\/wp-json\/wp\/v2\/categories?post=14789"},{"taxonomy":"post_tag","embeddable":true,"href":"https:\/\/cofarco.com.ar\/ar\/wp-json\/wp\/v2\/tags?post=14789"}],"curies":[{"name":"wp","href":"https:\/\/api.w.org\/{rel}","templated":true}]}}