{"id":14931,"date":"2024-01-17T11:19:32","date_gmt":"2024-01-17T14:19:32","guid":{"rendered":"https:\/\/cofarco.com.ar\/ar\/?p=14931"},"modified":"2024-01-17T11:19:32","modified_gmt":"2024-01-17T14:19:32","slug":"oportunidad-laboral-busqueda-de-director-ra-tecnico-a-para-farmacia-en-gdor-virasoro-corrientes","status":"publish","type":"post","link":"https:\/\/cofarco.com.ar\/ar\/2024\/01\/17\/oportunidad-laboral-busqueda-de-director-ra-tecnico-a-para-farmacia-en-gdor-virasoro-corrientes\/","title":{"rendered":"Oportunidad laboral: B\u00fasqueda de Director\/ra T\u00e9cnico\/a para Farmacia en Gdor. Virasoro &#8211; Corrientes"},"content":{"rendered":"<p>Buenos d\u00edas, desde la Farmacia Virgen de Itati II S.C.S. ubicada en Gdor. Virasoro (Ctes.), nos encontramos en la b\u00fasqueda de un profesional farmac\u00e9utico para ejercer la direcci\u00f3n t\u00e9cnica de la misma. Los interesados por favor contactarse a los siguientes n\u00fameros o mail:<\/p>\n<p>3764346015 (Silvia, farmac\u00e9utica).<br \/>\n3756513274 (Paulo, propietario).<br \/>\nMail:\u00a0<a href=\"mailto:siilviiagiimenez@gmail.com\" target=\"_blank\" rel=\"noopener\">siilviiagiimenez@gmail.com<\/a><\/p>\n<p>Saludos cordiales y muchas gracias.-<\/p>\n","protected":false},"excerpt":{"rendered":"<p>Buenos d\u00edas, desde la Farmacia Virgen de Itati II S.C.S. ubicada en Gdor. Virasoro (Ctes.), nos encontramos en la b\u00fasqueda de un profesional farmac\u00e9utico para ejercer la direcci\u00f3n t\u00e9cnica de la misma. Los interesados por favor contactarse a los siguientes n\u00fameros o mail: 3764346015 (Silvia, farmac\u00e9utica). 3756513274 (Paulo, propietario). Mail:\u00a0siilviiagiimenez@gmail.com Saludos cordiales y muchas gracias.-<\/p>\n","protected":false},"author":2,"featured_media":0,"comment_status":"closed","ping_status":"closed","sticky":false,"template":"","format":"standard","meta":{"footnotes":""},"categories":[73],"tags":[],"class_list":["post-14931","post","type-post","status-publish","format-standard","hentry","category-ofertas-laborales"],"_links":{"self":[{"href":"https:\/\/cofarco.com.ar\/ar\/wp-json\/wp\/v2\/posts\/14931","targetHints":{"allow":["GET"]}}],"collection":[{"href":"https:\/\/cofarco.com.ar\/ar\/wp-json\/wp\/v2\/posts"}],"about":[{"href":"https:\/\/cofarco.com.ar\/ar\/wp-json\/wp\/v2\/types\/post"}],"author":[{"embeddable":true,"href":"https:\/\/cofarco.com.ar\/ar\/wp-json\/wp\/v2\/users\/2"}],"replies":[{"embeddable":true,"href":"https:\/\/cofarco.com.ar\/ar\/wp-json\/wp\/v2\/comments?post=14931"}],"version-history":[{"count":1,"href":"https:\/\/cofarco.com.ar\/ar\/wp-json\/wp\/v2\/posts\/14931\/revisions"}],"predecessor-version":[{"id":14932,"href":"https:\/\/cofarco.com.ar\/ar\/wp-json\/wp\/v2\/posts\/14931\/revisions\/14932"}],"wp:attachment":[{"href":"https:\/\/cofarco.com.ar\/ar\/wp-json\/wp\/v2\/media?parent=14931"}],"wp:term":[{"taxonomy":"category","embeddable":true,"href":"https:\/\/cofarco.com.ar\/ar\/wp-json\/wp\/v2\/categories?post=14931"},{"taxonomy":"post_tag","embeddable":true,"href":"https:\/\/cofarco.com.ar\/ar\/wp-json\/wp\/v2\/tags?post=14931"}],"curies":[{"name":"wp","href":"https:\/\/api.w.org\/{rel}","templated":true}]}}