{"id":1496,"date":"2017-12-01T20:05:06","date_gmt":"2017-12-01T23:05:06","guid":{"rendered":"http:\/\/www.cofarco.com.ar\/?p=1496"},"modified":"2017-12-01T20:05:06","modified_gmt":"2017-12-01T23:05:06","slug":"1o-de-diciembre-dia-panamericano-de-la-farmacia","status":"publish","type":"post","link":"https:\/\/cofarco.com.ar\/ar\/2017\/12\/01\/1o-de-diciembre-dia-panamericano-de-la-farmacia\/","title":{"rendered":"1\u00ba de Diciembre: D\u00eda Panamericano de la Farmacia"},"content":{"rendered":"<p class=\"m_958970319264514416x_MsoNormal\">Hoy celebramos el D\u00eda Panamericano de la Farmacia en conmemoraci\u00f3n al Primer Congreso Panamericano de Farmacia realizado en La Habana, Cuba, en el a\u00f1o 1948. All\u00ed se estableci\u00f3 el 1 de diciembre de cada a\u00f1o para esta celebraci\u00f3n.<\/p>\n<p class=\"m_958970319264514416x_MsoNormal\">En esta fecha, cabe poner en valor la misi\u00f3n de la pr\u00e1ctica farmac\u00e9utica de suministrar medicamentos y otros productos y servicios para el cuidado de la salud, ayudando a la sociedad a emplearlos de la manera adecuada. El servicio farmac\u00e9utico implica un compromiso con las actividades que se desarrollan para asegurar una buena salud y evitar enfermedades en la poblaci\u00f3n.<\/p>\n<p class=\"m_958970319264514416x_MsoNormal\">\u00a1Felicidades a todos los que llevan adelante este honorable servicio!<\/p>\n<p class=\"m_958970319264514416x_MsoNormal\" style=\"text-align: center;\"><img fetchpriority=\"high\" decoding=\"async\" class=\"alignnone size-medium wp-image-1497\" src=\"https:\/\/cofarco.com.ar\/ar\/wp-content\/uploads\/2017\/12\/dia_panamericano_de_la_farmacia-288x300.jpg\" alt=\"\" width=\"288\" height=\"300\" \/><\/p>\n<div style=\"text-align: right;\">Colegio de Farmac\u00e9uticos de\u00a0<a href=\"https:\/\/maps.google.com\/?q=Corrientes+-+Santa+Fe+1186&amp;entry=gmail&amp;source=g\">Corrientes &#8211; Santa Fe 1186<\/a><\/div>\n<div style=\"text-align: right;\">Tel\u00e9fono (379-4425707\/4426749)<\/div>\n","protected":false},"excerpt":{"rendered":"<p>Hoy celebramos el D\u00eda Panamericano de la Farmacia en conmemoraci\u00f3n al Primer Congreso Panamericano de Farmacia realizado en La Habana, Cuba, en el a\u00f1o 1948. All\u00ed se estableci\u00f3 el 1 de diciembre de cada a\u00f1o para esta celebraci\u00f3n. En esta fecha, cabe poner en valor la misi\u00f3n de la pr\u00e1ctica farmac\u00e9utica de suministrar medicamentos y [&#8230;]\n","protected":false},"author":2,"featured_media":0,"comment_status":"open","ping_status":"open","sticky":false,"template":"","format":"standard","meta":{"footnotes":""},"categories":[1],"tags":[],"class_list":["post-1496","post","type-post","status-publish","format-standard","hentry","category-uncategorized"],"_links":{"self":[{"href":"https:\/\/cofarco.com.ar\/ar\/wp-json\/wp\/v2\/posts\/1496","targetHints":{"allow":["GET"]}}],"collection":[{"href":"https:\/\/cofarco.com.ar\/ar\/wp-json\/wp\/v2\/posts"}],"about":[{"href":"https:\/\/cofarco.com.ar\/ar\/wp-json\/wp\/v2\/types\/post"}],"author":[{"embeddable":true,"href":"https:\/\/cofarco.com.ar\/ar\/wp-json\/wp\/v2\/users\/2"}],"replies":[{"embeddable":true,"href":"https:\/\/cofarco.com.ar\/ar\/wp-json\/wp\/v2\/comments?post=1496"}],"version-history":[{"count":0,"href":"https:\/\/cofarco.com.ar\/ar\/wp-json\/wp\/v2\/posts\/1496\/revisions"}],"wp:attachment":[{"href":"https:\/\/cofarco.com.ar\/ar\/wp-json\/wp\/v2\/media?parent=1496"}],"wp:term":[{"taxonomy":"category","embeddable":true,"href":"https:\/\/cofarco.com.ar\/ar\/wp-json\/wp\/v2\/categories?post=1496"},{"taxonomy":"post_tag","embeddable":true,"href":"https:\/\/cofarco.com.ar\/ar\/wp-json\/wp\/v2\/tags?post=1496"}],"curies":[{"name":"wp","href":"https:\/\/api.w.org\/{rel}","templated":true}]}}