{"id":1500,"date":"2017-12-21T07:04:27","date_gmt":"2017-12-21T10:04:27","guid":{"rendered":"http:\/\/www.cofarco.com.ar\/?p=1500"},"modified":"2017-12-21T07:04:27","modified_gmt":"2017-12-21T10:04:27","slug":"asamblea-general-y-renovacion-parcial-de-autoridades","status":"publish","type":"post","link":"https:\/\/cofarco.com.ar\/ar\/2017\/12\/21\/asamblea-general-y-renovacion-parcial-de-autoridades\/","title":{"rendered":"Asamblea General y renovaci\u00f3n parcial de Autoridades"},"content":{"rendered":"<p class=\"m_5841577728845069577x_gmail-MsoNormal\">El viernes 15 de diciembre se realiz\u00f3 la Asamblea General Ordinaria y Renovaci\u00f3n parcial del Directorio del Colegio de Farmac\u00e9uticos del Corrientes. En la ocasi\u00f3n, su presidente, la farmac\u00e9utica Desiree Lancelle Monferrer expuso el Balance del a\u00f1o que culmina, obteniendo el apoyo y la aprobaci\u00f3n de los presentes.<\/p>\n<p class=\"m_5841577728845069577x_gmail-MsoNormal\">Posteriormente, los farmac\u00e9uticos votaron para la renovaci\u00f3n parcial del Directorio por los cargos de vicepresidente, tesorero, secretario, vocal segundo titular, vocal primero suplente, vocal tercero suplente, y revisores de cuenta.<\/p>\n<p class=\"m_5841577728845069577x_gmail-MsoNormal\">Tras la elecci\u00f3n, el Cuerpo Directivo qued\u00f3 conformado de la siguiente manera:<\/p>\n<p class=\"m_5841577728845069577x_gmail-MsoNormal\"><b>Presidente:\u00a0<\/b>Farmac\u00e9utica LANCELLE MONFERRER, DESIREE<\/p>\n<p class=\"m_5841577728845069577x_gmail-MsoNormal\"><b>Vicepresidente<\/b>: Farmac\u00e9utico PERIS, RICARDO GUILLERMO<\/p>\n<p class=\"m_5841577728845069577x_gmail-MsoNormal\"><b>Secretaria<\/b>: Farmac\u00e9utica GRILLI, DIANA SONIA<\/p>\n<p class=\"m_5841577728845069577x_gmail-MsoNormal\"><b>Tesorero<\/b>: Farmac\u00e9utico PARRA, GUSTAVO RAUL.<\/p>\n<p class=\"m_5841577728845069577x_gmail-MsoNormal\"><b>Vocal Titular 1\u00ba<\/b>: Farmac\u00e9utico FRIDMAN, JULIO.<\/p>\n<p class=\"m_5841577728845069577x_gmail-MsoNormal\"><b>Vocal Titular 2\u00ba:<\/b>\u00a0Farmac\u00e9utico ACEVEDO, CLAUDIO NORBERTO.<\/p>\n<p class=\"m_5841577728845069577x_gmail-MsoNormal\"><b>Vocal Titular 3\u00ba<\/b>: Farmac\u00e9utico FERNANDEZ CESPEDES, AUGUSTO.<\/p>\n<p class=\"m_5841577728845069577x_gmail-MsoNormal\"><b>Vocal Suplente 1\u00ba:<\/b>\u00a0Farmac\u00e9utica FAVA, ANGELICA AURORA.<\/p>\n<p class=\"m_5841577728845069577x_gmail-MsoNormal\"><b>Vocal Suplente 2\u00ba<\/b>: Farmac\u00e9utico MARIN, GONZALO RAUL<\/p>\n<p class=\"m_5841577728845069577x_gmail-MsoNormal\"><b>Vocal Suplente 3\u00ba:<\/b>\u00a0Farmac\u00e9utico PERIS, ERNESTO RUBEN.<\/p>\n<p class=\"m_5841577728845069577x_gmail-MsoNormal\"><b>\u00d3rgano de Fiscalizaci\u00f3n:<\/b>\u00a0Farmac\u00e9utica ANASTASI, LETICIA ADELINA<\/p>\n<p class=\"m_5841577728845069577x_gmail-MsoNormal\"><b>\u00d3rgano de Fiscalizaci\u00f3n:<\/b>\u00a0Farmac\u00e9utico GUNTHER, LUIS ALBERTO.<\/p>\n<p class=\"m_5841577728845069577x_gmail-MsoNormal\">Concluida la Asamblea, se realiz\u00f3 una reuni\u00f3n ampliada donde se trataron diversos temas vinculados al funcionamiento de la entidad y a los proyectos vigentes para lograr mejores condiciones y beneficios para los asociados.<\/p>\n<p class=\"m_5841577728845069577x_gmail-MsoNormal\"><img fetchpriority=\"high\" decoding=\"async\" class=\"alignnone size-medium wp-image-1501\" src=\"https:\/\/cofarco.com.ar\/ar\/wp-content\/uploads\/2017\/12\/img_4250-300x225.jpg\" alt=\"\" width=\"300\" height=\"225\" \/> <img decoding=\"async\" class=\"alignnone size-medium wp-image-1502\" src=\"https:\/\/cofarco.com.ar\/ar\/wp-content\/uploads\/2017\/12\/img_4247-300x225.jpg\" alt=\"\" width=\"300\" height=\"225\" \/> <img decoding=\"async\" class=\"alignnone size-medium wp-image-1503\" src=\"https:\/\/cofarco.com.ar\/ar\/wp-content\/uploads\/2017\/12\/img_4246-300x225.jpg\" alt=\"\" width=\"300\" height=\"225\" \/> <img loading=\"lazy\" decoding=\"async\" class=\"alignnone size-medium wp-image-1504\" src=\"https:\/\/cofarco.com.ar\/ar\/wp-content\/uploads\/2017\/12\/img_4244-300x225.jpg\" alt=\"\" width=\"300\" height=\"225\" \/><\/p>\n<div style=\"text-align: right;\">Colegio de Farmac\u00e9uticos de\u00a0<a href=\"https:\/\/maps.google.com\/?q=Corrientes+-+Santa+Fe+1186&amp;entry=gmail&amp;source=g\">Corrientes &#8211; Santa Fe 1186<\/a><\/div>\n<div style=\"text-align: right;\">Tel\u00e9fono (379-4425707\/4426749)<\/div>\n","protected":false},"excerpt":{"rendered":"<p>El viernes 15 de diciembre se realiz\u00f3 la Asamblea General Ordinaria y Renovaci\u00f3n parcial del Directorio del Colegio de Farmac\u00e9uticos del Corrientes. En la ocasi\u00f3n, su presidente, la farmac\u00e9utica Desiree Lancelle Monferrer expuso el Balance del a\u00f1o que culmina, obteniendo el apoyo y la aprobaci\u00f3n de los presentes. Posteriormente, los farmac\u00e9uticos votaron para la renovaci\u00f3n [&#8230;]\n","protected":false},"author":2,"featured_media":0,"comment_status":"open","ping_status":"open","sticky":false,"template":"","format":"standard","meta":{"footnotes":""},"categories":[1],"tags":[],"class_list":["post-1500","post","type-post","status-publish","format-standard","hentry","category-uncategorized"],"_links":{"self":[{"href":"https:\/\/cofarco.com.ar\/ar\/wp-json\/wp\/v2\/posts\/1500","targetHints":{"allow":["GET"]}}],"collection":[{"href":"https:\/\/cofarco.com.ar\/ar\/wp-json\/wp\/v2\/posts"}],"about":[{"href":"https:\/\/cofarco.com.ar\/ar\/wp-json\/wp\/v2\/types\/post"}],"author":[{"embeddable":true,"href":"https:\/\/cofarco.com.ar\/ar\/wp-json\/wp\/v2\/users\/2"}],"replies":[{"embeddable":true,"href":"https:\/\/cofarco.com.ar\/ar\/wp-json\/wp\/v2\/comments?post=1500"}],"version-history":[{"count":0,"href":"https:\/\/cofarco.com.ar\/ar\/wp-json\/wp\/v2\/posts\/1500\/revisions"}],"wp:attachment":[{"href":"https:\/\/cofarco.com.ar\/ar\/wp-json\/wp\/v2\/media?parent=1500"}],"wp:term":[{"taxonomy":"category","embeddable":true,"href":"https:\/\/cofarco.com.ar\/ar\/wp-json\/wp\/v2\/categories?post=1500"},{"taxonomy":"post_tag","embeddable":true,"href":"https:\/\/cofarco.com.ar\/ar\/wp-json\/wp\/v2\/tags?post=1500"}],"curies":[{"name":"wp","href":"https:\/\/api.w.org\/{rel}","templated":true}]}}