{"id":1528,"date":"2018-01-26T16:08:05","date_gmt":"2018-01-26T19:08:05","guid":{"rendered":"http:\/\/www.cofarco.com.ar\/?p=1528"},"modified":"2018-01-26T16:08:05","modified_gmt":"2018-01-26T19:08:05","slug":"dos-nuevos-efectos-adversos-en-los-prospectos-de-ibuprofeno","status":"publish","type":"post","link":"https:\/\/cofarco.com.ar\/ar\/2018\/01\/26\/dos-nuevos-efectos-adversos-en-los-prospectos-de-ibuprofeno\/","title":{"rendered":"Dos nuevos efectos adversos en los prospectos de Ibuprofeno"},"content":{"rendered":"<p>El ibuprofeno y otros\u00a0medicamentos de la familia de los antiinflamatorios no esteroideos (AINE) se encuentran entre los\u00a0medicamentos m\u00e1s consumidos en Espa\u00f1a. Seg\u00fan los \u00faltimos datos proporcionados por el Ministerio de Sanidad, los espa\u00f1oles toman unas 37,89 dosis diarias de estos\u00a0f\u00e1rmacos por cada mil habitantes, de las que m\u00e1s de un tercio son el ya mencionado\u00a0f\u00e1rmaco, que se utiliza habitualmente para aliviar los m\u00e1s diversos tipos de dolores.<\/p>\n<p>Sin embargo, siguen surgiendo efectos secundarios nuevos para estos productos, que poco a poco se van a a\u00f1adiendo a la ficha t\u00e9cnica. Este es el caso del propio ibuprofeno,\u00a0f\u00e1rmaco\u00a0que en particular tiene m\u00e1s de 40 a\u00f1os de historia, cuyo prospecto va a incluir dos nuevas advertencias.<\/p>\n<p>As\u00ed lo ha indicado la Agencia de\u00a0Medicamentos y Productos Sanitario (Aemps), que ha avisado de que el ibuprofeno puede producir eosinofilia y s\u00edntomas sist\u00e9micos, tambi\u00e9n conocido como\u00a0s\u00edndrome\u00a0Dress. Adem\u00e1s, se ha identificado como efecto adverso la acidosis metab\u00f3lica en casos de intoxicaci\u00f3n grave o sobredosis.<\/p>\n<p><strong>Efectos conocidos\u00a0<\/strong><\/p>\n<p>Para Francisco Zaragoz\u00e1, catedr\u00e1tico de\u00a0Farmacolog\u00eda de la Universidad de Alcal\u00e1 de Henares estos efectos \u201cest\u00e1n m\u00e1s vistos que el tebeo\u201d y son \u201chechos sabidos\u201d y \u201cla posibilidad de que ocurran es m\u00ednima\u201d.<\/p>\n<p>De hecho, el tambi\u00e9n vocal de Formaci\u00f3n e Investigaci\u00f3n en el Consejo General de\u00a0Farmac\u00e9uticos\u00a0avisa de que \u201cestos problemas surgen por el abuso del\u00a0medicamento, no por su uso indicado o habitual\u201d. Y recuerda que ibuprofeno tiene \u201cun balance beneficio-riesgo muy positivo. Adem\u00e1s, es el segundo AINE con menos efectos secundarios que hay. Con sentido com\u00fan,\u00a0medicamentos como este no causan problemas\u201d.<\/p>\n<p><strong>Estudios\u00a0<\/strong><\/p>\n<p>Sin embargo, durante el \u00faltimo a\u00f1o se han publicado varios estudios y an\u00e1lisis que avisan, precisamente, de nuevos efectos adversos relacionados con ibuprofeno, aunque provocados por su sobreuso.<\/p>\n<p>Uno de los m\u00e1s destacados es un estudio dan\u00e9s (basado en 29.000 pacientes que sufrieron un paro cardiaco en Dinamarca entre 2001 y 2010) que indica que el abuso del citado\u00a0f\u00e1rmaco\u00a0aumenta en un 33 por ciento el riesgo de infarto, con consecuencias que surgen desde la primera semana.<\/p>\n<p>Pero tambi\u00e9n suceden da\u00f1os totalmente inesperados, como un mayor riesgo de sufrir p\u00e9rdidas de audici\u00f3n, circunstancia que surge en mujeres que tomaron ibuprofeno dos o m\u00e1s veces a la semana durante un m\u00ednimo de seis a\u00f1os.<\/p>\n<p>Fuente:\u00a0<a id=\"ctl00_ContentPlaceHolder1_lnkUrlMedio\" href=\"http:\/\/www.redaccionmedica.com\/\" target=\"_blank\" rel=\"noopener noreferrer\">Redacci\u00f3n M\u00e9dica (Espa\u00f1a)<\/a><\/p>\n","protected":false},"excerpt":{"rendered":"<p>El ibuprofeno y otros\u00a0medicamentos de la familia de los antiinflamatorios no esteroideos (AINE) se encuentran entre los\u00a0medicamentos m\u00e1s consumidos en Espa\u00f1a. Seg\u00fan los \u00faltimos datos proporcionados por el Ministerio de Sanidad, los espa\u00f1oles toman unas 37,89 dosis diarias de estos\u00a0f\u00e1rmacos por cada mil habitantes, de las que m\u00e1s de un tercio son el ya mencionado\u00a0f\u00e1rmaco, [&#8230;]\n","protected":false},"author":2,"featured_media":0,"comment_status":"open","ping_status":"open","sticky":false,"template":"","format":"standard","meta":{"footnotes":""},"categories":[71],"tags":[],"class_list":["post-1528","post","type-post","status-publish","format-standard","hentry","category-noticias"],"_links":{"self":[{"href":"https:\/\/cofarco.com.ar\/ar\/wp-json\/wp\/v2\/posts\/1528","targetHints":{"allow":["GET"]}}],"collection":[{"href":"https:\/\/cofarco.com.ar\/ar\/wp-json\/wp\/v2\/posts"}],"about":[{"href":"https:\/\/cofarco.com.ar\/ar\/wp-json\/wp\/v2\/types\/post"}],"author":[{"embeddable":true,"href":"https:\/\/cofarco.com.ar\/ar\/wp-json\/wp\/v2\/users\/2"}],"replies":[{"embeddable":true,"href":"https:\/\/cofarco.com.ar\/ar\/wp-json\/wp\/v2\/comments?post=1528"}],"version-history":[{"count":0,"href":"https:\/\/cofarco.com.ar\/ar\/wp-json\/wp\/v2\/posts\/1528\/revisions"}],"wp:attachment":[{"href":"https:\/\/cofarco.com.ar\/ar\/wp-json\/wp\/v2\/media?parent=1528"}],"wp:term":[{"taxonomy":"category","embeddable":true,"href":"https:\/\/cofarco.com.ar\/ar\/wp-json\/wp\/v2\/categories?post=1528"},{"taxonomy":"post_tag","embeddable":true,"href":"https:\/\/cofarco.com.ar\/ar\/wp-json\/wp\/v2\/tags?post=1528"}],"curies":[{"name":"wp","href":"https:\/\/api.w.org\/{rel}","templated":true}]}}