{"id":1531,"date":"2018-01-26T21:44:13","date_gmt":"2018-01-27T00:44:13","guid":{"rendered":"http:\/\/www.cofarco.com.ar\/?p=1531"},"modified":"2018-01-26T21:44:13","modified_gmt":"2018-01-27T00:44:13","slug":"fiebre-amarilla-recomendaciones-para-viajeros","status":"publish","type":"post","link":"https:\/\/cofarco.com.ar\/ar\/2018\/01\/26\/fiebre-amarilla-recomendaciones-para-viajeros\/","title":{"rendered":"Fiebre Amarilla: Recomendaciones para viajeros"},"content":{"rendered":"<p style=\"font-weight: 400;\">El Ministerio de Salud P\u00fablica de la Provincia de Corrientes advirti\u00f3 que es importante que todas las personas tengan completo el Calendario Regular de Vacunaci\u00f3n, de acuerdo a la edad, tanto de los ni\u00f1os como de los adultos.<\/p>\n<p style=\"font-weight: 400;\">Quienes vayan a viajar a pa\u00edses que han confirmado la circulaci\u00f3n del virus de Fiebre Amarilla deben aplicarse la vacuna como m\u00ednimo diez d\u00edas antes de visitar el lugar a fin de generar una protecci\u00f3n eficiente y evitar complicaciones durante el viaje.<br \/>\nLa vacuna est\u00e1 disponible y es gratuita en todos los centros de salud con vacunatorio de Corrientes.<\/p>\n<p style=\"font-weight: 400;\">\u00a0Es prioridad prevenir la fiebre amarilla vacunando s\u00f3lo a quienes visiten \u00e1reas de riesgo de adquisici\u00f3n de la enfermedad y no tengan contraindicaci\u00f3n para la vacunaci\u00f3n. No deben revacunarse quienes hayan recibido una dosis de vacuna contra fiebre amarilla luego del segundo a\u00f1o de vida. Se evita de esta manera que reciban la vacuna quienes no tienen riesgo de enfermarse o tienen riesgo de desarrollar eventos adversos secundarios a su aplicaci\u00f3n.<br \/>\nLos viajes al \u00c1frica Subsahariana y a regiones del interior de los pa\u00edses de Sudam\u00e9rica en los que se registra actividad de fiebre amarilla (Colombia, Venezuela, Guyana, Guyana Francesa, Surinam, Ecuador, Brasil, Per\u00fa, Paraguay, Bolivia) hacen recomendable una consulta especializada para la indicaci\u00f3n m\u00e9dica de la vacuna.<\/p>\n<p style=\"font-weight: 400;\">\nVIAJES A BRASIL: La vacuna no est\u00e1 indicada si los itinerarios del viaje est\u00e1n limitados a:<br \/>\nLa zona costera del estado de Santa Catarina (incluyendo Florian\u00f3polis y balnearios vecinos).<br \/>\nLa zona costera del estado de Paran\u00e1 (incluyendo Curitiba).<br \/>\nDel nordeste de Brasil los estados de Sergipe, Alagoas, Pernambuco, Para\u00edba, Rio Grande do Norte, Cear\u00e1 y zona centro y Norte de Piau\u00ed.<br \/>\nNo representan riesgo en la actualidad para adquirir la fiebre amarilla<\/p>\n<p>La vacuna est\u00e1 indicada si los itinerarios del viaje son:<br \/>\nA cualquier municipio del estado de Esp\u00edritu Santo.<br \/>\nA cualquier municipio estado de R\u00edo de Janeiro.<br \/>\nA cualquier municipio el estado de San Pablo (incluyendo la ciudad de San Pablo, especialmente en las zonas boscosas perif\u00e9ricas del norte y este de la ciudad donde se encuentran los parques Anhanguera, Albert Lofgren, Tiete y Cantaneira).<br \/>\nGran parte del estado de Bah\u00eda, incluyendo las ciudades de Salvador de Bah\u00eda y Praia do Forte.<br \/>\nCONTRAINDICACIONES\/PRECAUCIONES PARA RECIBIR LA VACUNA CONTRA FIEBRE AMARILLA<\/p>\n<p>Ni\u00f1os menores de 6 meses<br \/>\nAntecedentes de alergia a cualquiera de los componentes de la vacuna: huevo, prote\u00ednas de pollo o gelatina<br \/>\nAlteraciones del sistema inmune o Enfermedad del timo o Infecci\u00f3n por VIH o Otras Inmunodeficiencias, tumores malignos y trasplantes<br \/>\nTratamientos inmunosupresores e inmunomoduladores<br \/>\nLas personas comprendidas en los grupos que se detallan a continuaci\u00f3n tienen un mayor riesgo de desarrollar efectos adversos a la vacunaci\u00f3n, potencialmente graves, por lo que se debe evaluar la indicaci\u00f3n de la vacunaci\u00f3n: Ni\u00f1os menores de 9 meses de vida o Adultos de 60 a\u00f1os o mayores que se vacunan por primera vez contra la fiebre amarilla o Embarazo o lactancia. El Reglamento Sanitario Internacional contempla la presentaci\u00f3n del certificado de exenci\u00f3n con la misma validez que el Certificado Internacional de Vacunaci\u00f3n.<\/p>\n<p>FIEBRE AMARILLA<\/p>\n<p>Es una enfermedad viral que se transmite a trav\u00e9s de la picadura de algunas especies de mosquitos. Puede ser grave y provocar la muerte. No tiene tratamiento pero pod\u00e9s prevenirla:<\/p>\n<p>-Usando repelentes.<\/p>\n<p>-Usando ropa de mangas largas y de colores claros y uniformes.<\/p>\n<p>-Teniendo mosquiteros y\/o aire acondicionado en el lugar de hospedaje.<\/p>\n<p>-A trav\u00e9s de la vacunaci\u00f3n espec\u00edfica. La vacuna es elaborada con virus atenuados. Si se recibe luego del segundo a\u00f1o de vida, una dosis es suficiente (no es necesaria la revacunaci\u00f3n). Proporciona protecci\u00f3n al cabo de 10 d\u00edas de su aplicaci\u00f3n.<\/p>\n","protected":false},"excerpt":{"rendered":"<p>El Ministerio de Salud P\u00fablica de la Provincia de Corrientes advirti\u00f3 que es importante que todas las personas tengan completo el Calendario Regular de Vacunaci\u00f3n, de acuerdo a la edad, tanto de los ni\u00f1os como de los adultos. Quienes vayan a viajar a pa\u00edses que han confirmado la circulaci\u00f3n del virus de Fiebre Amarilla deben [&#8230;]\n","protected":false},"author":2,"featured_media":0,"comment_status":"open","ping_status":"open","sticky":false,"template":"","format":"standard","meta":{"footnotes":""},"categories":[1],"tags":[],"class_list":["post-1531","post","type-post","status-publish","format-standard","hentry","category-uncategorized"],"_links":{"self":[{"href":"https:\/\/cofarco.com.ar\/ar\/wp-json\/wp\/v2\/posts\/1531","targetHints":{"allow":["GET"]}}],"collection":[{"href":"https:\/\/cofarco.com.ar\/ar\/wp-json\/wp\/v2\/posts"}],"about":[{"href":"https:\/\/cofarco.com.ar\/ar\/wp-json\/wp\/v2\/types\/post"}],"author":[{"embeddable":true,"href":"https:\/\/cofarco.com.ar\/ar\/wp-json\/wp\/v2\/users\/2"}],"replies":[{"embeddable":true,"href":"https:\/\/cofarco.com.ar\/ar\/wp-json\/wp\/v2\/comments?post=1531"}],"version-history":[{"count":0,"href":"https:\/\/cofarco.com.ar\/ar\/wp-json\/wp\/v2\/posts\/1531\/revisions"}],"wp:attachment":[{"href":"https:\/\/cofarco.com.ar\/ar\/wp-json\/wp\/v2\/media?parent=1531"}],"wp:term":[{"taxonomy":"category","embeddable":true,"href":"https:\/\/cofarco.com.ar\/ar\/wp-json\/wp\/v2\/categories?post=1531"},{"taxonomy":"post_tag","embeddable":true,"href":"https:\/\/cofarco.com.ar\/ar\/wp-json\/wp\/v2\/tags?post=1531"}],"curies":[{"name":"wp","href":"https:\/\/api.w.org\/{rel}","templated":true}]}}