{"id":1543,"date":"2018-02-14T20:05:33","date_gmt":"2018-02-14T23:05:33","guid":{"rendered":"http:\/\/www.cofarco.com.ar\/?p=1543"},"modified":"2018-02-14T20:05:33","modified_gmt":"2018-02-14T23:05:33","slug":"convocatoria-del-foro-farmaceutico-de-las-americas","status":"publish","type":"post","link":"https:\/\/cofarco.com.ar\/ar\/2018\/02\/14\/convocatoria-del-foro-farmaceutico-de-las-americas\/","title":{"rendered":"Convocatoria del Foro Farmac\u00e9utico de las Am\u00e9ricas"},"content":{"rendered":"<p>El FFA dar\u00e1 apoyo al financiamiento de tres proyectos relacionados con Servicios Farmac\u00e9uticos y un proyecto relacionado con Educaci\u00f3n Farmac\u00e9utica,\u00a0 a ser ejecutados en el periodo 2018-2019.<\/p>\n<p>Uno de los principales objetivos del Foro es promover y apoyar el di\u00e1logo y la cooperaci\u00f3n para el desarrollo de la Farmacia en las Am\u00e9ricas. En tal sentido, durante la Asamblea General Ordinaria realizada el 28 de octubre de 2017 en Lima, Per\u00fa, fue aprobado el apoyo del financiamiento para tres proyectos relacionados con la inserci\u00f3n y\/o el desarrollo de servicios farmac\u00e9uticos basados en atenci\u00f3n primaria de salud o de implementaci\u00f3n de las buenas pr\u00e1cticas de farmacia en los servicios farmac\u00e9uticos y un proyecto relacionado con la educaci\u00f3n farmac\u00e9utica en el \u00e1rea de formaci\u00f3n o en el \u00e1rea de educaci\u00f3n continua, a ser ejecutados en un a\u00f1o, de 2018 a 2019. El FFA tiene disponibles diez mil d\u00f3lares para esta convocatoria.<\/p>\n<p>La fecha l\u00edmite de remisi\u00f3n del proyecto, con el aval formal de la organizaci\u00f3n farmac\u00e9utica nacional a la Secretar\u00eda T\u00e9cnica del FFA es el 28 de febrero de 2018.<\/p>\n<p>Para m\u00e1s informaci\u00f3n sobre la postulaci\u00f3n de proyectos:\u00a0<a href=\"http:\/\/bit.ly\/2AKjNtQ\">http:\/\/bit.ly\/2AKjNtQ<\/a><\/p>\n","protected":false},"excerpt":{"rendered":"<p>El FFA dar\u00e1 apoyo al financiamiento de tres proyectos relacionados con Servicios Farmac\u00e9uticos y un proyecto relacionado con Educaci\u00f3n Farmac\u00e9utica,\u00a0 a ser ejecutados en el periodo 2018-2019. Uno de los principales objetivos del Foro es promover y apoyar el di\u00e1logo y la cooperaci\u00f3n para el desarrollo de la Farmacia en las Am\u00e9ricas. En tal sentido, [&#8230;]\n","protected":false},"author":2,"featured_media":0,"comment_status":"open","ping_status":"open","sticky":false,"template":"","format":"standard","meta":{"footnotes":""},"categories":[71],"tags":[],"class_list":["post-1543","post","type-post","status-publish","format-standard","hentry","category-noticias"],"_links":{"self":[{"href":"https:\/\/cofarco.com.ar\/ar\/wp-json\/wp\/v2\/posts\/1543","targetHints":{"allow":["GET"]}}],"collection":[{"href":"https:\/\/cofarco.com.ar\/ar\/wp-json\/wp\/v2\/posts"}],"about":[{"href":"https:\/\/cofarco.com.ar\/ar\/wp-json\/wp\/v2\/types\/post"}],"author":[{"embeddable":true,"href":"https:\/\/cofarco.com.ar\/ar\/wp-json\/wp\/v2\/users\/2"}],"replies":[{"embeddable":true,"href":"https:\/\/cofarco.com.ar\/ar\/wp-json\/wp\/v2\/comments?post=1543"}],"version-history":[{"count":0,"href":"https:\/\/cofarco.com.ar\/ar\/wp-json\/wp\/v2\/posts\/1543\/revisions"}],"wp:attachment":[{"href":"https:\/\/cofarco.com.ar\/ar\/wp-json\/wp\/v2\/media?parent=1543"}],"wp:term":[{"taxonomy":"category","embeddable":true,"href":"https:\/\/cofarco.com.ar\/ar\/wp-json\/wp\/v2\/categories?post=1543"},{"taxonomy":"post_tag","embeddable":true,"href":"https:\/\/cofarco.com.ar\/ar\/wp-json\/wp\/v2\/tags?post=1543"}],"curies":[{"name":"wp","href":"https:\/\/api.w.org\/{rel}","templated":true}]}}