{"id":1556,"date":"2018-02-18T13:23:55","date_gmt":"2018-02-18T16:23:55","guid":{"rendered":"http:\/\/www.cofarco.com.ar\/?p=1556"},"modified":"2018-02-18T13:23:55","modified_gmt":"2018-02-18T16:23:55","slug":"acuerdo-con-pami-por-la-renovacion-del-convenio-panales","status":"publish","type":"post","link":"https:\/\/cofarco.com.ar\/ar\/2018\/02\/18\/acuerdo-con-pami-por-la-renovacion-del-convenio-panales\/","title":{"rendered":"Acuerdo con PAMI por la renovaci\u00f3n del Convenio Pa\u00f1ales"},"content":{"rendered":"<div id=\":lz\" class=\"ii gt \">\n<div id=\":ly\" class=\"a3s aXjCH m1619e5add9f3d55a\">\n<div dir=\"ltr\">\n<div id=\"m_6564345238623832624divtagdefaultwrapper\" dir=\"ltr\">\n<div>\n<div>\n<div dir=\"ltr\">\n<div>\n<div class=\"m_6564345238623832624x_gmail_signature\">\n<div dir=\"ltr\">\n<div dir=\"ltr\">\n<div>\n<p>Las entidades farmac\u00e9uticas hemos llegado a un acuerdo con PAMI por la renovaci\u00f3n del convenio PA\u00d1ALES.<\/p>\n<p>La pr\u00f3rroga es por 6 meses a partir del 12 de febrero acord\u00e1ndose una actualizaci\u00f3n de precios, seg\u00fan el esquema que se consigna a continuaci\u00f3n:<\/p>\n<p>&nbsp;<\/p>\n<table class=\" aligncenter\" border=\"0\" width=\"306\" cellspacing=\"0\" cellpadding=\"0\">\n<tbody>\n<tr>\n<td valign=\"bottom\" nowrap=\"nowrap\" width=\"105\">\n<p align=\"center\"><b>MODULOS<\/b><\/p>\n<\/td>\n<td valign=\"bottom\" nowrap=\"nowrap\" width=\"100\">\n<p align=\"center\"><b>DROGUER\u00cdA<\/b><\/p>\n<\/td>\n<td valign=\"bottom\" nowrap=\"nowrap\" width=\"100\">\n<p align=\"center\"><b>FARMACIA<\/b><\/p>\n<\/td>\n<\/tr>\n<tr>\n<td valign=\"bottom\" nowrap=\"nowrap\" width=\"105\"><b>Grupo 5<\/b><\/td>\n<td valign=\"bottom\" nowrap=\"nowrap\" width=\"100\"><b>$\u00a0\u00a0\u00a0\u00a0\u00a0\u00a0\u00a0\u00a0\u00a0\u00a0\u00a0\u00a0\u00a0 369,48<\/b><\/td>\n<td valign=\"bottom\" nowrap=\"nowrap\" width=\"100\"><b>\u00a0$\u00a0\u00a0\u00a0\u00a0\u00a0\u00a0\u00a0\u00a0\u00a0\u00a0\u00a0\u00a0\u00a0 461,85<\/b><\/td>\n<\/tr>\n<tr>\n<td valign=\"bottom\" nowrap=\"nowrap\" width=\"105\"><b>Grupo 8<\/b><\/td>\n<td valign=\"bottom\" nowrap=\"nowrap\" width=\"100\"><b>$\u00a0\u00a0\u00a0\u00a0\u00a0\u00a0\u00a0\u00a0\u00a0\u00a0\u00a0\u00a0\u00a0 633,60<\/b><\/td>\n<td valign=\"bottom\" nowrap=\"nowrap\" width=\"100\"><b>\u00a0$\u00a0\u00a0\u00a0\u00a0\u00a0\u00a0\u00a0\u00a0\u00a0\u00a0\u00a0\u00a0\u00a0 792,00<\/b><\/td>\n<\/tr>\n<tr>\n<td valign=\"bottom\" nowrap=\"nowrap\" width=\"105\"><b>Grupo 9<\/b><\/td>\n<td valign=\"bottom\" nowrap=\"nowrap\" width=\"100\"><b>$\u00a0\u00a0\u00a0\u00a0\u00a0\u00a0\u00a0\u00a0\u00a0\u00a0\u00a0\u00a0\u00a0 700,33<\/b><\/td>\n<td valign=\"bottom\" nowrap=\"nowrap\" width=\"100\"><b>\u00a0$\u00a0\u00a0\u00a0\u00a0\u00a0\u00a0\u00a0\u00a0\u00a0\u00a0\u00a0\u00a0\u00a0 875,41<\/b><\/td>\n<\/tr>\n<tr>\n<td valign=\"bottom\" nowrap=\"nowrap\" width=\"105\"><b>Grupo 10<\/b><\/td>\n<td valign=\"bottom\" nowrap=\"nowrap\" width=\"100\"><b>$\u00a0\u00a0\u00a0\u00a0\u00a0\u00a0\u00a0\u00a0\u00a0\u00a0\u00a0\u00a0\u00a0 969,37<\/b><\/td>\n<td valign=\"bottom\" nowrap=\"nowrap\" width=\"100\"><b>\u00a0$\u00a0\u00a0\u00a0\u00a0\u00a0\u00a0\u00a0\u00a0\u00a0 1.211,71<\/b><\/td>\n<\/tr>\n<tr>\n<td valign=\"bottom\" nowrap=\"nowrap\" width=\"105\"><b>Grupo 12<\/b><\/td>\n<td valign=\"bottom\" nowrap=\"nowrap\" width=\"100\"><b>$\u00a0\u00a0\u00a0\u00a0\u00a0\u00a0\u00a0\u00a0\u00a0 1.037,50<\/b><\/td>\n<td valign=\"bottom\" nowrap=\"nowrap\" width=\"100\"><b>\u00a0$\u00a0\u00a0\u00a0\u00a0\u00a0\u00a0\u00a0\u00a0\u00a0 1.296,88<\/b><\/td>\n<\/tr>\n<\/tbody>\n<\/table>\n<p style=\"text-align: center;\">\n<div style=\"text-align: center;\"><i>Con la nueva escala de precios informada el margen de las farmacias se\u00a0\u00a0incrementa, pasando del 22 al 25%.<br \/>\n<\/i><\/div>\n<p style=\"text-align: center;\">Como resultado de este acuerdo el validador SIAFAR de PAMI PA\u00d1ALES ha sido reabierto y se encuentra funcionando normalmente.<\/p>\n<p style=\"text-align: center;\">Las farmacias encontrar\u00e1n al finalizar el mes de febrero dos cierres, uno que agrupa las validaciones hasta el 11 de febrero y un segundo cierre con las validaciones generadas despu\u00e9s del 11 de febrero, ya que la pr\u00f3rroga con los nuevos precios opera a partir del 12 de febrero. Las farmacias deber\u00e1n presentar ambos cierres al finalizar el mes.<\/p>\n<\/div>\n<div><\/div>\n<div><\/div>\n<div><\/div>\n<div><\/div>\n<div><\/div>\n<div style=\"text-align: right;\">Colegio de Farmac\u00e9uticos de Corrientes &#8211; Santa Fe 1186<\/div>\n<div style=\"text-align: right;\">Tel\u00e9fono (379-4425707\/4426749)<\/div>\n<div class=\"yj6qo\"><\/div>\n<div class=\"adL\"><\/div>\n<\/div>\n<div class=\"adL\"><\/div>\n<\/div>\n<div class=\"adL\"><\/div>\n<\/div>\n<div class=\"adL\"><\/div>\n<\/div>\n<div class=\"adL\"><\/div>\n<\/div>\n<div class=\"adL\"><\/div>\n<\/div>\n<div class=\"adL\"><\/div>\n<\/div>\n<div class=\"adL\"><\/div>\n<\/div>\n<div class=\"adL\"><\/div>\n<\/div>\n<div class=\"adL\"><\/div>\n<\/div>\n<\/div>\n<div id=\":md\" class=\"hq gt a10\"><\/div>\n","protected":false},"excerpt":{"rendered":"<p>Las entidades farmac\u00e9uticas hemos llegado a un acuerdo con PAMI por la renovaci\u00f3n del convenio PA\u00d1ALES. La pr\u00f3rroga es por 6 meses a partir del 12 de febrero acord\u00e1ndose una actualizaci\u00f3n de precios, seg\u00fan el esquema que se consigna a continuaci\u00f3n: &nbsp; MODULOS DROGUER\u00cdA FARMACIA Grupo 5 $\u00a0\u00a0\u00a0\u00a0\u00a0\u00a0\u00a0\u00a0\u00a0\u00a0\u00a0\u00a0\u00a0 369,48 \u00a0$\u00a0\u00a0\u00a0\u00a0\u00a0\u00a0\u00a0\u00a0\u00a0\u00a0\u00a0\u00a0\u00a0 461,85 Grupo 8 $\u00a0\u00a0\u00a0\u00a0\u00a0\u00a0\u00a0\u00a0\u00a0\u00a0\u00a0\u00a0\u00a0 633,60 [&#8230;]\n","protected":false},"author":2,"featured_media":0,"comment_status":"open","ping_status":"open","sticky":false,"template":"","format":"standard","meta":{"footnotes":""},"categories":[1],"tags":[],"class_list":["post-1556","post","type-post","status-publish","format-standard","hentry","category-uncategorized"],"_links":{"self":[{"href":"https:\/\/cofarco.com.ar\/ar\/wp-json\/wp\/v2\/posts\/1556","targetHints":{"allow":["GET"]}}],"collection":[{"href":"https:\/\/cofarco.com.ar\/ar\/wp-json\/wp\/v2\/posts"}],"about":[{"href":"https:\/\/cofarco.com.ar\/ar\/wp-json\/wp\/v2\/types\/post"}],"author":[{"embeddable":true,"href":"https:\/\/cofarco.com.ar\/ar\/wp-json\/wp\/v2\/users\/2"}],"replies":[{"embeddable":true,"href":"https:\/\/cofarco.com.ar\/ar\/wp-json\/wp\/v2\/comments?post=1556"}],"version-history":[{"count":0,"href":"https:\/\/cofarco.com.ar\/ar\/wp-json\/wp\/v2\/posts\/1556\/revisions"}],"wp:attachment":[{"href":"https:\/\/cofarco.com.ar\/ar\/wp-json\/wp\/v2\/media?parent=1556"}],"wp:term":[{"taxonomy":"category","embeddable":true,"href":"https:\/\/cofarco.com.ar\/ar\/wp-json\/wp\/v2\/categories?post=1556"},{"taxonomy":"post_tag","embeddable":true,"href":"https:\/\/cofarco.com.ar\/ar\/wp-json\/wp\/v2\/tags?post=1556"}],"curies":[{"name":"wp","href":"https:\/\/api.w.org\/{rel}","templated":true}]}}