{"id":1605,"date":"2018-04-23T09:30:17","date_gmt":"2018-04-23T12:30:17","guid":{"rendered":"http:\/\/www.cofarco.com.ar\/?p=1605"},"modified":"2018-04-23T09:30:17","modified_gmt":"2018-04-23T12:30:17","slug":"curso-online-de-asma-bronquial","status":"publish","type":"post","link":"https:\/\/cofarco.com.ar\/ar\/2018\/04\/23\/curso-online-de-asma-bronquial\/","title":{"rendered":"Curso OnLine de Asma Bronquial"},"content":{"rendered":"<p>El 4 de mayo comenzar\u00e1 el Curso Virtual de Asma Bronquial que organiza el Colegio de Farmac\u00e9uticos de C\u00f3rdoba, con una duraci\u00f3n de un mes. Otorga puntos para la certificaci\u00f3n y rectificaci\u00f3n.<\/p>\n<p>Los contenidos que se abordar\u00e1n estar\u00e1n vinculados a: Introducci\u00f3n. Definici\u00f3n. Fisiopatolog\u00eda: Inflamaci\u00f3n. Obstrucci\u00f3n Bronquial. Remodelamiento de la v\u00eda a\u00e9rea. Hiperreactividad bronquial. Evoluci\u00f3n natural de la enfermedad. Prevalencia. Morbilidad. Mortalidad. Factores de riesgo involucrados en el desarrollo del asma. Diagn\u00f3stico. Medici\u00f3n de la Funci\u00f3n Pulmonar. Hiperreactividad bronquial. Diagn\u00f3stico diferencial. Estudio de alergia. Fenotipos de Asma. Clasificaci\u00f3n del asma. Asma y situaciones especiales. Tratamiento. Objetivos. Tratamiento Farmacol\u00f3gico. Educaci\u00f3n del paciente. Control medio ambiental. Inmunoterapia espec\u00edfica.<\/p>\n<p><strong>Contacto<\/strong><\/p>\n<p>\u00c1rea de Capacitacion y Responsabilidad Social: int 230\/231\/264.<\/p>\n<p>formacion@colfacor.org.ar<\/p>\n<p><strong>Descripci\u00f3n<\/strong><\/p>\n<p>Director del curso y Docente: Dr. Jos\u00e9 Raimundo Galimany. M\u00e9dico Especialista en Alergolog\u00eda Especialista en Inmunolog\u00eda-Alergia. Doctor en Ciencias Biom\u00e9dicas. Jefe de Servicio del Instituto de Alergia e Inmunolog\u00eda del Sanatorio Brit\u00e1nico de Rosario. Director de la Carrera de Posgrado de Especializaci\u00f3n en Alergia e Inmunologia, Escuela de Medicina, Instituto Universitario Italiano de Rosario.<\/p>\n<p><strong>Costo: <\/strong>$890.<\/p>\n<p>Mas informaci\u00f3n en\u00a0http:\/\/www.colfacor.org.ar\/cap_cursos_online.php<\/p>\n","protected":false},"excerpt":{"rendered":"<p>El 4 de mayo comenzar\u00e1 el Curso Virtual de Asma Bronquial que organiza el Colegio de Farmac\u00e9uticos de C\u00f3rdoba, con una duraci\u00f3n de un mes. Otorga puntos para la certificaci\u00f3n y rectificaci\u00f3n. Los contenidos que se abordar\u00e1n estar\u00e1n vinculados a: Introducci\u00f3n. Definici\u00f3n. Fisiopatolog\u00eda: Inflamaci\u00f3n. Obstrucci\u00f3n Bronquial. Remodelamiento de la v\u00eda a\u00e9rea. Hiperreactividad bronquial. Evoluci\u00f3n natural [&#8230;]\n","protected":false},"author":2,"featured_media":0,"comment_status":"open","ping_status":"open","sticky":false,"template":"","format":"standard","meta":{"footnotes":""},"categories":[1],"tags":[],"class_list":["post-1605","post","type-post","status-publish","format-standard","hentry","category-uncategorized"],"_links":{"self":[{"href":"https:\/\/cofarco.com.ar\/ar\/wp-json\/wp\/v2\/posts\/1605","targetHints":{"allow":["GET"]}}],"collection":[{"href":"https:\/\/cofarco.com.ar\/ar\/wp-json\/wp\/v2\/posts"}],"about":[{"href":"https:\/\/cofarco.com.ar\/ar\/wp-json\/wp\/v2\/types\/post"}],"author":[{"embeddable":true,"href":"https:\/\/cofarco.com.ar\/ar\/wp-json\/wp\/v2\/users\/2"}],"replies":[{"embeddable":true,"href":"https:\/\/cofarco.com.ar\/ar\/wp-json\/wp\/v2\/comments?post=1605"}],"version-history":[{"count":0,"href":"https:\/\/cofarco.com.ar\/ar\/wp-json\/wp\/v2\/posts\/1605\/revisions"}],"wp:attachment":[{"href":"https:\/\/cofarco.com.ar\/ar\/wp-json\/wp\/v2\/media?parent=1605"}],"wp:term":[{"taxonomy":"category","embeddable":true,"href":"https:\/\/cofarco.com.ar\/ar\/wp-json\/wp\/v2\/categories?post=1605"},{"taxonomy":"post_tag","embeddable":true,"href":"https:\/\/cofarco.com.ar\/ar\/wp-json\/wp\/v2\/tags?post=1605"}],"curies":[{"name":"wp","href":"https:\/\/api.w.org\/{rel}","templated":true}]}}