{"id":1611,"date":"2018-04-23T09:53:38","date_gmt":"2018-04-23T12:53:38","guid":{"rendered":"http:\/\/www.cofarco.com.ar\/?p=1611"},"modified":"2018-04-23T09:53:38","modified_gmt":"2018-04-23T12:53:38","slug":"finalizo-el-curso-de-rcp-para-farmaceuticos","status":"publish","type":"post","link":"https:\/\/cofarco.com.ar\/ar\/2018\/04\/23\/finalizo-el-curso-de-rcp-para-farmaceuticos\/","title":{"rendered":"Finaliz\u00f3 el Curso de RCP para Farmac\u00e9uticos"},"content":{"rendered":"<p class=\"x_MsoNormal\">El s\u00e1bado 21 de abril se realiz\u00f3 el segundo encuentro del Curso de Reanimaci\u00f3n Cardio Pulmonar (RCP) y Primeros Auxilios que ofreci\u00f3 el Colegio de Farmac\u00e9uticos de Corrientes (COFARCO) para los profesionales asociados y farmac\u00e9uticos en general. La capacitaci\u00f3n fue coordinada por la Cruz Roja, filial Corrientes.<\/p>\n<p class=\"x_MsoNormal\">El Curso comenz\u00f3 el 14 de abril y se realiz\u00f3 a lo largo de dos encuentros, en la sede de la de la entidad colegiada, ubicada en Santa Fe 1186, de 9 a 13 horas.<\/p>\n<p class=\"x_MsoNormal\">La iniciativa tuvo por fin ofrecer a los profesionales farmac\u00e9uticos conocimientos y t\u00e9cnicas para asistir a eventuales pacientes en casos de emergencia brindando primeros auxilios o\u00a0 reanimaci\u00f3n cardiopulmonar.<\/p>\n<p class=\"x_MsoNormal\">\u00a0<img fetchpriority=\"high\" decoding=\"async\" class=\"alignnone size-medium wp-image-1621\" src=\"https:\/\/cofarco.com.ar\/ar\/wp-content\/uploads\/2018\/04\/20180421_111041-300x169.jpg\" alt=\"\" width=\"300\" height=\"169\" \/> <img decoding=\"async\" class=\"alignnone size-medium wp-image-1620\" src=\"https:\/\/cofarco.com.ar\/ar\/wp-content\/uploads\/2018\/04\/20180421_111002-300x169.jpg\" alt=\"\" width=\"300\" height=\"169\" \/> <img decoding=\"async\" class=\"alignnone size-medium wp-image-1618\" src=\"https:\/\/cofarco.com.ar\/ar\/wp-content\/uploads\/2018\/04\/20180421_110911-300x169.jpg\" alt=\"\" width=\"300\" height=\"169\" \/> <img loading=\"lazy\" decoding=\"async\" class=\"alignnone size-medium wp-image-1617\" src=\"https:\/\/cofarco.com.ar\/ar\/wp-content\/uploads\/2018\/04\/20180421_110900-169x300.jpg\" alt=\"\" width=\"169\" height=\"300\" \/> <img loading=\"lazy\" decoding=\"async\" class=\"alignnone size-medium wp-image-1616\" src=\"https:\/\/cofarco.com.ar\/ar\/wp-content\/uploads\/2018\/04\/20180414_102319-300x169.jpg\" alt=\"\" width=\"300\" height=\"169\" \/> <img loading=\"lazy\" decoding=\"async\" class=\"alignnone size-medium wp-image-1615\" src=\"https:\/\/cofarco.com.ar\/ar\/wp-content\/uploads\/2018\/04\/20180414_102235-300x169.jpg\" alt=\"\" width=\"300\" height=\"169\" \/> <img loading=\"lazy\" decoding=\"async\" class=\"alignnone size-medium wp-image-1614\" src=\"https:\/\/cofarco.com.ar\/ar\/wp-content\/uploads\/2018\/04\/20180414_102201-300x169.jpg\" alt=\"\" width=\"300\" height=\"169\" \/> <img loading=\"lazy\" decoding=\"async\" class=\"alignnone size-medium wp-image-1613\" src=\"https:\/\/cofarco.com.ar\/ar\/wp-content\/uploads\/2018\/04\/20180414_102142-300x169.jpg\" alt=\"\" width=\"300\" height=\"169\" \/> <img loading=\"lazy\" decoding=\"async\" class=\"alignnone size-medium wp-image-1612\" src=\"https:\/\/cofarco.com.ar\/ar\/wp-content\/uploads\/2018\/04\/20180414_102127-300x169.jpg\" alt=\"\" width=\"300\" height=\"169\" \/><\/p>\n","protected":false},"excerpt":{"rendered":"<p>El s\u00e1bado 21 de abril se realiz\u00f3 el segundo encuentro del Curso de Reanimaci\u00f3n Cardio Pulmonar (RCP) y Primeros Auxilios que ofreci\u00f3 el Colegio de Farmac\u00e9uticos de Corrientes (COFARCO) para los profesionales asociados y farmac\u00e9uticos en general. La capacitaci\u00f3n fue coordinada por la Cruz Roja, filial Corrientes. El Curso comenz\u00f3 el 14 de abril y [&#8230;]\n","protected":false},"author":2,"featured_media":0,"comment_status":"open","ping_status":"open","sticky":false,"template":"","format":"standard","meta":{"footnotes":""},"categories":[71,1],"tags":[],"class_list":["post-1611","post","type-post","status-publish","format-standard","hentry","category-noticias","category-uncategorized"],"_links":{"self":[{"href":"https:\/\/cofarco.com.ar\/ar\/wp-json\/wp\/v2\/posts\/1611","targetHints":{"allow":["GET"]}}],"collection":[{"href":"https:\/\/cofarco.com.ar\/ar\/wp-json\/wp\/v2\/posts"}],"about":[{"href":"https:\/\/cofarco.com.ar\/ar\/wp-json\/wp\/v2\/types\/post"}],"author":[{"embeddable":true,"href":"https:\/\/cofarco.com.ar\/ar\/wp-json\/wp\/v2\/users\/2"}],"replies":[{"embeddable":true,"href":"https:\/\/cofarco.com.ar\/ar\/wp-json\/wp\/v2\/comments?post=1611"}],"version-history":[{"count":0,"href":"https:\/\/cofarco.com.ar\/ar\/wp-json\/wp\/v2\/posts\/1611\/revisions"}],"wp:attachment":[{"href":"https:\/\/cofarco.com.ar\/ar\/wp-json\/wp\/v2\/media?parent=1611"}],"wp:term":[{"taxonomy":"category","embeddable":true,"href":"https:\/\/cofarco.com.ar\/ar\/wp-json\/wp\/v2\/categories?post=1611"},{"taxonomy":"post_tag","embeddable":true,"href":"https:\/\/cofarco.com.ar\/ar\/wp-json\/wp\/v2\/tags?post=1611"}],"curies":[{"name":"wp","href":"https:\/\/api.w.org\/{rel}","templated":true}]}}