{"id":1682,"date":"2018-06-19T09:52:04","date_gmt":"2018-06-19T12:52:04","guid":{"rendered":"http:\/\/www.cofarco.com.ar\/?p=1682"},"modified":"2018-06-19T09:52:04","modified_gmt":"2018-06-19T12:52:04","slug":"la-cgp-solicita-la-suspension-de-los-efectos-de-la-res-1254-dispuesta-por-el-ministerio-de-educacion-entre-las-que-se-encuentra-la-profesion-farmaceutica","status":"publish","type":"post","link":"https:\/\/cofarco.com.ar\/ar\/2018\/06\/19\/la-cgp-solicita-la-suspension-de-los-efectos-de-la-res-1254-dispuesta-por-el-ministerio-de-educacion-entre-las-que-se-encuentra-la-profesion-farmaceutica\/","title":{"rendered":"La CGP solicita la suspensi\u00f3n de los efectos de la Res.1254 dispuesta por el Ministerio de Educaci\u00f3n, entre las que se encuentra la Profesi\u00f3n Farmac\u00e9utica"},"content":{"rendered":"<p>En paralelo a la conmemoraci\u00f3n del Centenario de la Reforma Universitaria se realiz\u00f3 en la ciudad de C\u00f3rdoba el 14 de junio la Asamblea Anual Ordinaria y Junta de Gobierno de la Confederaci\u00f3n General de Profesionales (CGP), de la que participaron la presidente de la COFA, Farm. Isabel Reinoso y la pro-secretaria, Farm. Alicia Merlo.<\/p>\n<p>De la reuni\u00f3n surgieron dos documentos: una carta abierta al Ministro de Educaci\u00f3n de la Naci\u00f3n, a las autoridades Universitarias de todos los niveles y claustros y al Pueblo Argentino y otro dirigido espec\u00edficamente a la Conferencia Regional de Educaci\u00f3n Superior de Am\u00e9rica Latina y el Caribe que se celebra tambi\u00e9n en estos d\u00edas en C\u00f3rdoba.<\/p>\n<p>En la Carta Abierta, la CGP \u201cexpresa su preocupaci\u00f3n, por la situaci\u00f3n en que se han visto colocadas las profesiones comprendidas en el art\u00edculo 43 de la Ley de Educaci\u00f3n Superior a ra\u00edz de la Resoluci\u00f3n Ministerial 1254\/18, que fija \u201cactividades reservadas\u201d a las profesiones incluidas en el listado de aquellas cuyas actividades son de \u201cinter\u00e9s p\u00fablico\u201d.<\/p>\n<p>Que en el esp\u00edritu de la Reforma Universitaria, que se ha visto revitalizado por estos d\u00edas y dentro de la atm\u00f3sfera en que se desarrollan estas deliberaciones, que nos han tra\u00eddo a reivindicar los postulados de inclusi\u00f3n, autonom\u00eda universitaria, cogobierno, participaci\u00f3n de los distintos sectores en los que necesariamente est\u00e1n incluido los graduados de pleno derecho, propios de la Reforma y teniendo en cuenta que nuestras organizaciones profesionales act\u00faan subsidiariamente en el cumplimiento del gobierno de las matr\u00edculas al que expresamente hace referencia dicha Ley, por poder delegado de los Estados Provinciales.<\/p>\n<p>Estimamos al respecto como imperioso deber de conciencia y pertinencia institucional, expresarnos al respecto, mediante las siguientes consideraciones:<\/p>\n<p>1. Reclamar la participaci\u00f3n, discusi\u00f3n y debate de estas tem\u00e1ticas, que nacidas en el \u00e1mbito de lo acad\u00e9mico, regulan el alcance de la formaci\u00f3n profesional y est\u00e1n destinadas necesariamente a aplicarse sobre las condiciones laborales de cada ejercicio profesional concreto, de modo tal que debiera resultar ineludible convocar a las entidades que agrupan y representan a los profesionales en su efectivo ejercicio, para no caer en decisiones inconsultas tomadas de espaldas a la realidad de los desempe\u00f1os profesionales que se intenta normar.<\/p>\n<p>2. Que percibimos como lamentable que en el proceso de reformulaci\u00f3n de las actividades reservadas se haya desestimado el aporte de las organizaciones profesionales de ley, que poseen una larga experiencia de d\u00e9cadas en el control del ejercicio profesional, sum\u00e1ndose al esfuerzo de las entidades acad\u00e9micas con sus reconocidas capacidades y reputaci\u00f3n.<\/p>\n<p>Por todo ellos\u00a0<strong>solicitamos la suspensi\u00f3n de los efectos de la mencionada Resoluci\u00f3n y la apertura de un amplio debate por el tiempo que demande su completa revisi\u00f3n como as\u00ed tambi\u00e9n el establecimiento y la delimitaci\u00f3n de los t\u00e9rminos que presentan interpretaciones ambiguas o susceptible a vaguedades utilizados en dicho Decreto mediante la confecci\u00f3n de un glosario en el cual se definan claramente el alcance y\/o interpretaciones que corresponda asignar a t\u00e9rminos, conceptos y frases.<\/strong><\/p>\n<p>En el documento dirigido a la Conferencia Regional de Educaci\u00f3n Superior (CRES), la Confederaci\u00f3n General de Profesionales, en el marco de la conmemoraci\u00f3n del Centenario de la Reforma Universitaria y en el esp\u00edritu de la misma, \u201creivindica los postulados de inclusi\u00f3n, autonom\u00eda universitaria, cogobierno y participaci\u00f3n de los distintos sectores entre los que necesariamente estamos incluidos los graduados de pleno derecho.<\/p>\n<p>Estos postulados propios de la Reforma, resignificados hoy por nosotros y teniendo en cuenta que nuestras organizaciones profesionales act\u00faan de manera subsidiaria en el cumplimiento del deber del Estado de gobernar las matr\u00edculas, por poder delegado de los Estados Provinciales, nos llevan a ratificar los siguientes conceptos hoy nuevamente liminares:<\/p>\n<p>1. La Educaci\u00f3n Superior como derecho individual y colectivo garantizada en su accesibilidad por la inversi\u00f3n estrat\u00e9gica que debe realizar en ella el Estado.<\/p>\n<p>2. La Universidad P\u00fablica y gratuita como garante de ese derecho.<\/p>\n<p>3. El entendimiento que debemos honrar la herencia de la Reforma, logrando la articulaci\u00f3n entre todas las organizaciones de profesionales y las universidades para garantizar la dimensi\u00f3n de la construcci\u00f3n social al servicio de la comunidad, prescindiendo de modelos mercantilistas que pongan en riesgo los derechos mencionados.<\/p>\n","protected":false},"excerpt":{"rendered":"<p>En paralelo a la conmemoraci\u00f3n del Centenario de la Reforma Universitaria se realiz\u00f3 en la ciudad de C\u00f3rdoba el 14 de junio la Asamblea Anual Ordinaria y Junta de Gobierno de la Confederaci\u00f3n General de Profesionales (CGP), de la que participaron la presidente de la COFA, Farm. Isabel Reinoso y la pro-secretaria, Farm. Alicia Merlo. [&#8230;]\n","protected":false},"author":2,"featured_media":0,"comment_status":"open","ping_status":"open","sticky":false,"template":"","format":"standard","meta":{"footnotes":""},"categories":[71],"tags":[],"class_list":["post-1682","post","type-post","status-publish","format-standard","hentry","category-noticias"],"_links":{"self":[{"href":"https:\/\/cofarco.com.ar\/ar\/wp-json\/wp\/v2\/posts\/1682","targetHints":{"allow":["GET"]}}],"collection":[{"href":"https:\/\/cofarco.com.ar\/ar\/wp-json\/wp\/v2\/posts"}],"about":[{"href":"https:\/\/cofarco.com.ar\/ar\/wp-json\/wp\/v2\/types\/post"}],"author":[{"embeddable":true,"href":"https:\/\/cofarco.com.ar\/ar\/wp-json\/wp\/v2\/users\/2"}],"replies":[{"embeddable":true,"href":"https:\/\/cofarco.com.ar\/ar\/wp-json\/wp\/v2\/comments?post=1682"}],"version-history":[{"count":0,"href":"https:\/\/cofarco.com.ar\/ar\/wp-json\/wp\/v2\/posts\/1682\/revisions"}],"wp:attachment":[{"href":"https:\/\/cofarco.com.ar\/ar\/wp-json\/wp\/v2\/media?parent=1682"}],"wp:term":[{"taxonomy":"category","embeddable":true,"href":"https:\/\/cofarco.com.ar\/ar\/wp-json\/wp\/v2\/categories?post=1682"},{"taxonomy":"post_tag","embeddable":true,"href":"https:\/\/cofarco.com.ar\/ar\/wp-json\/wp\/v2\/tags?post=1682"}],"curies":[{"name":"wp","href":"https:\/\/api.w.org\/{rel}","templated":true}]}}