{"id":1693,"date":"2018-07-02T10:09:33","date_gmt":"2018-07-02T13:09:33","guid":{"rendered":"http:\/\/www.cofarco.com.ar\/?p=1693"},"modified":"2018-07-02T10:09:33","modified_gmt":"2018-07-02T13:09:33","slug":"se-realizo-el-curso-sobre-limpieza-desinfeccion-y-tratamiento-de-heridas","status":"publish","type":"post","link":"https:\/\/cofarco.com.ar\/ar\/2018\/07\/02\/se-realizo-el-curso-sobre-limpieza-desinfeccion-y-tratamiento-de-heridas\/","title":{"rendered":"Se realiz\u00f3 el Curso sobre Limpieza, Desinfecci\u00f3n y Tratamiento de Heridas"},"content":{"rendered":"<p><b>Colegio de Farmac\u00e9uticos de Corrientes<\/b><\/p>\n<p style=\"font-weight: 400;\">Con la asistencia de un importante n\u00famero de profesionales farmac\u00e9uticos, se realiz\u00f3 el s\u00e1bado 30 de junio el Curso de \u201cActualizaci\u00f3n en Limpieza, Desinfecci\u00f3n y tratamiento de Heridas\u201d. La capacitaci\u00f3n fue organizada por el Colegio de Farmac\u00e9uticos de Corrientes, y se dict\u00f3 a lo largo del d\u00eda, divida en tres partes: te\u00f3rica, taller y examen final.<\/p>\n<p style=\"font-weight: 400;\">Tuvo lugar en las instalaciones del Colegio, de 8 a 12 y de 13 a 20, a cargo de la profesora Mar\u00eda Nilda Rodr\u00edguez, quien es jefa de Unidad Farmacia del Hospital de Rehabilitaci\u00f3n Respiratoria \u201cMar\u00eda Ferrer\u201d, de la Ciudad de Buenos Aires.<\/p>\n<p style=\"font-weight: 400;\">La propuesta fue\u00a0<strong>gratuita<\/strong>\u00a0para los\u00a0<strong>profesionales farmac\u00e9uticos asociados<\/strong>\u00a0al Colegio. Tuvo como objetivo identificar los grupos de Antis\u00e9pticos m\u00e1s dispensados en farmacia oficinal y las diferentes aplicaciones de los mismos. Para ello se trabaj\u00f3 en identificar las caracter\u00edsticas deseables de los antis\u00e9pticos y desinfectantes as\u00ed como los nuevos tratamientos de quemaduras, escaras y \u00falceras.<\/p>\n<p style=\"font-weight: 400;\">Una vez finalizado el \u00faltimo tema, se realiz\u00f3 un taller de atenci\u00f3n Farmac\u00e9utica con diferentes casos cl\u00ednicos de Heridas que se resolvieron en grupo. Al finalizar, los participantes rindieron un examen sobre los temas vistos y discutidos.<\/p>\n<p style=\"font-weight: 400;\">El Colegio de Farmac\u00e9uticos de Corrientes agradece al Laboratorio BIOL por hacerse cargo del traslado de la profesional que dict\u00f3 el curso.<\/p>\n<p style=\"font-weight: 400;\"><img fetchpriority=\"high\" decoding=\"async\" class=\"alignnone size-medium wp-image-1700\" src=\"https:\/\/cofarco.com.ar\/ar\/wp-content\/uploads\/2018\/07\/img_4321-300x225.jpg\" alt=\"\" width=\"300\" height=\"225\" \/> <img decoding=\"async\" class=\"alignnone size-medium wp-image-1699\" src=\"https:\/\/cofarco.com.ar\/ar\/wp-content\/uploads\/2018\/07\/img_4322-300x225.jpg\" alt=\"\" width=\"300\" height=\"225\" \/> <img decoding=\"async\" class=\"alignnone size-medium wp-image-1698\" src=\"https:\/\/cofarco.com.ar\/ar\/wp-content\/uploads\/2018\/07\/img_4325-300x225.jpg\" alt=\"\" width=\"300\" height=\"225\" \/> <img loading=\"lazy\" decoding=\"async\" class=\"alignnone size-medium wp-image-1697\" src=\"https:\/\/cofarco.com.ar\/ar\/wp-content\/uploads\/2018\/07\/img_4326-300x225.jpg\" alt=\"\" width=\"300\" height=\"225\" \/> <img loading=\"lazy\" decoding=\"async\" class=\"alignnone size-medium wp-image-1696\" src=\"https:\/\/cofarco.com.ar\/ar\/wp-content\/uploads\/2018\/07\/img_4327-300x225.jpg\" alt=\"\" width=\"300\" height=\"225\" \/> <img loading=\"lazy\" decoding=\"async\" class=\"alignnone size-medium wp-image-1695\" src=\"https:\/\/cofarco.com.ar\/ar\/wp-content\/uploads\/2018\/07\/7b2d1f8e-cfe8-49d8-8b3c-21a946d9d9b3-300x225.jpg\" alt=\"\" width=\"300\" height=\"225\" \/> <img loading=\"lazy\" decoding=\"async\" class=\"alignnone size-medium wp-image-1694\" src=\"https:\/\/cofarco.com.ar\/ar\/wp-content\/uploads\/2018\/07\/592c1587-0c81-4709-8f47-d3b0712a3f84-300x225.jpg\" alt=\"\" width=\"300\" height=\"225\" \/><\/p>\n","protected":false},"excerpt":{"rendered":"<p>Colegio de Farmac\u00e9uticos de Corrientes Con la asistencia de un importante n\u00famero de profesionales farmac\u00e9uticos, se realiz\u00f3 el s\u00e1bado 30 de junio el Curso de \u201cActualizaci\u00f3n en Limpieza, Desinfecci\u00f3n y tratamiento de Heridas\u201d. La capacitaci\u00f3n fue organizada por el Colegio de Farmac\u00e9uticos de Corrientes, y se dict\u00f3 a lo largo del d\u00eda, divida en tres [&#8230;]\n","protected":false},"author":2,"featured_media":0,"comment_status":"open","ping_status":"open","sticky":false,"template":"","format":"standard","meta":{"footnotes":""},"categories":[1],"tags":[],"class_list":["post-1693","post","type-post","status-publish","format-standard","hentry","category-uncategorized"],"_links":{"self":[{"href":"https:\/\/cofarco.com.ar\/ar\/wp-json\/wp\/v2\/posts\/1693","targetHints":{"allow":["GET"]}}],"collection":[{"href":"https:\/\/cofarco.com.ar\/ar\/wp-json\/wp\/v2\/posts"}],"about":[{"href":"https:\/\/cofarco.com.ar\/ar\/wp-json\/wp\/v2\/types\/post"}],"author":[{"embeddable":true,"href":"https:\/\/cofarco.com.ar\/ar\/wp-json\/wp\/v2\/users\/2"}],"replies":[{"embeddable":true,"href":"https:\/\/cofarco.com.ar\/ar\/wp-json\/wp\/v2\/comments?post=1693"}],"version-history":[{"count":0,"href":"https:\/\/cofarco.com.ar\/ar\/wp-json\/wp\/v2\/posts\/1693\/revisions"}],"wp:attachment":[{"href":"https:\/\/cofarco.com.ar\/ar\/wp-json\/wp\/v2\/media?parent=1693"}],"wp:term":[{"taxonomy":"category","embeddable":true,"href":"https:\/\/cofarco.com.ar\/ar\/wp-json\/wp\/v2\/categories?post=1693"},{"taxonomy":"post_tag","embeddable":true,"href":"https:\/\/cofarco.com.ar\/ar\/wp-json\/wp\/v2\/tags?post=1693"}],"curies":[{"name":"wp","href":"https:\/\/api.w.org\/{rel}","templated":true}]}}