{"id":17035,"date":"2024-09-05T18:02:08","date_gmt":"2024-09-05T21:02:08","guid":{"rendered":"https:\/\/cofarco.com.ar\/ar\/?p=17035"},"modified":"2024-09-05T18:02:08","modified_gmt":"2024-09-05T21:02:08","slug":"importante-comunicado-entidades-farmaceuticas-sobre-situacion-deuda-pami","status":"publish","type":"post","link":"https:\/\/cofarco.com.ar\/ar\/2024\/09\/05\/importante-comunicado-entidades-farmaceuticas-sobre-situacion-deuda-pami\/","title":{"rendered":"IMPORTANTE: Comunicado entidades farmac\u00e9uticas sobre situaci\u00f3n deuda PAMI"},"content":{"rendered":"<p>Buenos d\u00edas, nos dirigimos a ustedes a fin de adjuntar el Comunicado emitido en el d\u00eda de ayer por las cinco entidades firmantes del Convenio PAMI, en relaci\u00f3n al estado de situaci\u00f3n del atraso en los pagos de los anticipos de la 2\u00ba de julio y 1\u00ba de agosto del Convenio PAMI.<br \/>\nTambi\u00e9n adjuntamos copia de la nota enviada por las entidades a ADEM, para que las droguer\u00edas cumplan con el marco de los acuerdos alcanzados para el sostenimiento de los cr\u00e9ditos a las farmacias, en tanto se<br \/>\nsupera esta coyuntura de demora en los pagos del Instituto.<br \/>\nFinalmente, informamos que hemos habilitado en SIAFAR un bot\u00f3n de acceso para que las farmacias prestadoras puedan conocer de manera resumida y directa cu\u00e1l es el importe que el PAMI les debe, para que puedan saber por tanto cu\u00e1l es el importe que tienen habilitado dentro del cr\u00e9dito excepcional que se ha negociado, en la droguer\u00eda en la que descuentan su nota de cr\u00e9dito. El nuevo bot\u00f3n de acceso es &#8220;PAMI\u00a0 &#8211; Pagos Pendientes&#8221;.<\/p>\n<p>Saludos cordiales.<\/p>\n<p>Atte. Lic. Claudio Alvarez Ter\u00e1n<br \/>\nCoordinador General de Comunicaciones<br \/>\nCONFEDERACI\u00d3N FARMACE\u00daTICA ARGENTINA (COFA).<\/p>\n\n<div class=\"gde-error\">GDE Error: Error al recuperar el fichero. Si es necesario, desactiva la comprobaci\u00f3n de errores (404:Not Found)<\/div>\n\n\n<div class=\"gde-error\">GDE Error: Error al recuperar el fichero. Si es necesario, desactiva la comprobaci\u00f3n de errores (404:Not Found)<\/div>\n\n","protected":false},"excerpt":{"rendered":"<p>Buenos d\u00edas, nos dirigimos a ustedes a fin de adjuntar el Comunicado emitido en el d\u00eda de ayer por las cinco entidades firmantes del Convenio PAMI, en relaci\u00f3n al estado de situaci\u00f3n del atraso en los pagos de los anticipos de la 2\u00ba de julio y 1\u00ba de agosto del Convenio PAMI. Tambi\u00e9n adjuntamos copia [&#8230;]\n","protected":false},"author":2,"featured_media":0,"comment_status":"closed","ping_status":"closed","sticky":false,"template":"","format":"standard","meta":{"footnotes":""},"categories":[71],"tags":[],"class_list":["post-17035","post","type-post","status-publish","format-standard","hentry","category-noticias"],"_links":{"self":[{"href":"https:\/\/cofarco.com.ar\/ar\/wp-json\/wp\/v2\/posts\/17035","targetHints":{"allow":["GET"]}}],"collection":[{"href":"https:\/\/cofarco.com.ar\/ar\/wp-json\/wp\/v2\/posts"}],"about":[{"href":"https:\/\/cofarco.com.ar\/ar\/wp-json\/wp\/v2\/types\/post"}],"author":[{"embeddable":true,"href":"https:\/\/cofarco.com.ar\/ar\/wp-json\/wp\/v2\/users\/2"}],"replies":[{"embeddable":true,"href":"https:\/\/cofarco.com.ar\/ar\/wp-json\/wp\/v2\/comments?post=17035"}],"version-history":[{"count":1,"href":"https:\/\/cofarco.com.ar\/ar\/wp-json\/wp\/v2\/posts\/17035\/revisions"}],"predecessor-version":[{"id":17036,"href":"https:\/\/cofarco.com.ar\/ar\/wp-json\/wp\/v2\/posts\/17035\/revisions\/17036"}],"wp:attachment":[{"href":"https:\/\/cofarco.com.ar\/ar\/wp-json\/wp\/v2\/media?parent=17035"}],"wp:term":[{"taxonomy":"category","embeddable":true,"href":"https:\/\/cofarco.com.ar\/ar\/wp-json\/wp\/v2\/categories?post=17035"},{"taxonomy":"post_tag","embeddable":true,"href":"https:\/\/cofarco.com.ar\/ar\/wp-json\/wp\/v2\/tags?post=17035"}],"curies":[{"name":"wp","href":"https:\/\/api.w.org\/{rel}","templated":true}]}}