{"id":1705,"date":"2018-07-02T14:56:35","date_gmt":"2018-07-02T17:56:35","guid":{"rendered":"http:\/\/www.cofarco.com.ar\/?p=1705"},"modified":"2018-07-02T14:56:35","modified_gmt":"2018-07-02T17:56:35","slug":"el-ejecutivo-municipal-veto-la-ordenanza-que-regula-la-distancia-entre-farmacias","status":"publish","type":"post","link":"https:\/\/cofarco.com.ar\/ar\/2018\/07\/02\/el-ejecutivo-municipal-veto-la-ordenanza-que-regula-la-distancia-entre-farmacias\/","title":{"rendered":"El Ejecutivo Municipal vet\u00f3 la ordenanza que regula la distancia entre farmacias"},"content":{"rendered":"<p style=\"font-weight: 400;\">A trav\u00e9s de la Resoluci\u00f3n N\u00ba 1301 del 26 de junio del presente a\u00f1o, el intendente de la ciudad de Corrientes, Eduardo Tassano, vet\u00f3 el art\u00edculo N\u00ba 5 de la Ordenanza N\u00ba 6623\u00a0\u00a0que regula la distancia m\u00ednima entre farmacias, dejando sin efecto una medida largamente reclamada por los profesionales farmac\u00e9uticos.<\/p>\n<p style=\"font-weight: 400;\">Con el prop\u00f3sito de promover una distribuci\u00f3n equitativa en los distintos sectores y barrios de la ciudad, el mencionado art\u00edculo establec\u00eda para la habilitaci\u00f3n de nuevas farmacias una distancia m\u00ednima entre local de 300 metros de puerta a puerta, medidos sobre la vereda. La norma hab\u00eda sido aprobada en la d\u00e9cima segunda sesi\u00f3n del Concejo Deliberante de la Ciudad de Corrientes, y contemplaba adem\u00e1s la prohibici\u00f3n para la venta de medicamentos en quioscos. Ambas medidas fueron promovidas por el Colegio de Farmac\u00e9uticos de la Provincia (Cofarco) y actualmente son tratadas en la legislatura provincial, con media sanci\u00f3n en la C\u00e1mara de Diputados.<\/p>\n<p style=\"font-weight: 400;\">Sin embargo, el Ejecutivo Municipal resolvi\u00f3 el veto parcial de la ordenanza con el fundamento de que \u201cla limitaci\u00f3n de espacio establecida en el art\u00edculo 5 no sigue un criterio integrador con el resto de la regulaciones de la Ordenanza ni con las normas que regulan la autorizaci\u00f3n de las farmacias como actividad comercial\u201d.<\/p>\n<p style=\"font-weight: 400;\">\u201cPed\u00edamos la regulaci\u00f3n de distancias entre farmacias para evitar la concentraci\u00f3n en zonas c\u00e9ntricas y para que los locales se trasladen tambi\u00e9n a los barrios\u201d, explic\u00f3 la farmac\u00e9utica Desire\u00e9 Lancelle Monferrer, presidente del Colegio, al indicar que como fundamentos se presentaron al Municipio notas e informes de universidades. \u201cRealmente no entendemos a qu\u00e9 se debe este veto\u201d, asegur\u00f3.<\/p>\n<p style=\"font-weight: 400;\">\u201cVamos a pedir una audiencia con el intendente para que nos explique la raz\u00f3n de esta medida\u201d, dijo la profesional y puntualiz\u00f3: \u201cPor ser un eslab\u00f3n indispensable en el sistema de salud, las farmacias deben estar racionalmente distribuidas a fin de garantizar la accesibilidad y distribuci\u00f3n equitativa de este servicio p\u00fablico, asegurando el acceso a los medicamentos y dem\u00e1s productos sanitarios, as\u00ed como su uso racional, con la prestaci\u00f3n de servicios Farmac\u00e9uticos integrales y continuos\u201d.<\/p>\n","protected":false},"excerpt":{"rendered":"<p>A trav\u00e9s de la Resoluci\u00f3n N\u00ba 1301 del 26 de junio del presente a\u00f1o, el intendente de la ciudad de Corrientes, Eduardo Tassano, vet\u00f3 el art\u00edculo N\u00ba 5 de la Ordenanza N\u00ba 6623\u00a0\u00a0que regula la distancia m\u00ednima entre farmacias, dejando sin efecto una medida largamente reclamada por los profesionales farmac\u00e9uticos. Con el prop\u00f3sito de promover [&#8230;]\n","protected":false},"author":2,"featured_media":0,"comment_status":"open","ping_status":"open","sticky":false,"template":"","format":"standard","meta":{"footnotes":""},"categories":[69],"tags":[],"class_list":["post-1705","post","type-post","status-publish","format-standard","hentry","category-profesionales"],"_links":{"self":[{"href":"https:\/\/cofarco.com.ar\/ar\/wp-json\/wp\/v2\/posts\/1705","targetHints":{"allow":["GET"]}}],"collection":[{"href":"https:\/\/cofarco.com.ar\/ar\/wp-json\/wp\/v2\/posts"}],"about":[{"href":"https:\/\/cofarco.com.ar\/ar\/wp-json\/wp\/v2\/types\/post"}],"author":[{"embeddable":true,"href":"https:\/\/cofarco.com.ar\/ar\/wp-json\/wp\/v2\/users\/2"}],"replies":[{"embeddable":true,"href":"https:\/\/cofarco.com.ar\/ar\/wp-json\/wp\/v2\/comments?post=1705"}],"version-history":[{"count":0,"href":"https:\/\/cofarco.com.ar\/ar\/wp-json\/wp\/v2\/posts\/1705\/revisions"}],"wp:attachment":[{"href":"https:\/\/cofarco.com.ar\/ar\/wp-json\/wp\/v2\/media?parent=1705"}],"wp:term":[{"taxonomy":"category","embeddable":true,"href":"https:\/\/cofarco.com.ar\/ar\/wp-json\/wp\/v2\/categories?post=1705"},{"taxonomy":"post_tag","embeddable":true,"href":"https:\/\/cofarco.com.ar\/ar\/wp-json\/wp\/v2\/tags?post=1705"}],"curies":[{"name":"wp","href":"https:\/\/api.w.org\/{rel}","templated":true}]}}