{"id":1728,"date":"2018-07-25T15:21:57","date_gmt":"2018-07-25T18:21:57","guid":{"rendered":"http:\/\/www.cofarco.com.ar\/?p=1728"},"modified":"2018-07-25T15:21:57","modified_gmt":"2018-07-25T18:21:57","slug":"xxiv-congreso-farmaceutico-argentino-inscripciones","status":"publish","type":"post","link":"https:\/\/cofarco.com.ar\/ar\/2018\/07\/25\/xxiv-congreso-farmaceutico-argentino-inscripciones\/","title":{"rendered":"XXIV Congreso Farmac\u00e9utico Argentino: INSCRIPCIONES"},"content":{"rendered":"<p>Desde el 27 al 29 de septiembre de 2018 se realizar\u00e1 en la ciudad de Mendoza el XXIV Congreso Farmac\u00e9utico Argentino: \u201cServicios Farmac\u00e9uticos aplicados al paciente desde la concepci\u00f3n a la vejez\u201d, en el marco de la Atenci\u00f3n Primaria de Salud integral, integrada y contin\u00faa. El encuentro es organizado de manera conjunta por el Colegio de Farmac\u00e9uticos de la provincia de Mendoza y la Confederaci\u00f3n Farmac\u00e9utica Argentina (COFA).<\/p>\n<p>Los <strong><u>profesionales correntinos<\/u><\/strong> que deseen participar podr\u00e1n <strong>INSCRIBIRSE<\/strong> a trav\u00e9s del Colegio de Farmac\u00e9uticos de Corrientes (COFARCO), contact\u00e1ndose con la Farm. <u>SANDRA CANTEROS<\/u>. Asimismo, la instituci\u00f3n <strong>FINANCIAR\u00c1 HASTA EN SEIS (6)<\/strong> <strong>CUOTAS<\/strong> el monto equivalente a traslado y alojamiento; y <u>OTORGAR\u00c1 TRES BECAS DE INSCRIPCI\u00d3N<\/u> cuyos montos ser\u00e1n distribuidos entre los asistentes asociados a la COFA.<\/p>\n<p><strong><u>Costos de Inscripci\u00f3n:<\/u><\/strong><\/p>\n<p>Valor de\u00a0 Inscripci\u00f3n para Farmac\u00e9uticos\u00a0 pertenecientes a CoFA $ 3.500 y acompa\u00f1antes $ 3.000.<\/p>\n<p>Valor de inscripci\u00f3n para Farmac\u00e9uticos no\u00a0 pertenecientes a CoFA $ 5.000 y acompa\u00f1antes $ 3.500<\/p>\n<p>Farmac\u00e9uticos extranjeros 300 d\u00f3lares<\/p>\n","protected":false},"excerpt":{"rendered":"<p>Desde el 27 al 29 de septiembre de 2018 se realizar\u00e1 en la ciudad de Mendoza el XXIV Congreso Farmac\u00e9utico Argentino: \u201cServicios Farmac\u00e9uticos aplicados al paciente desde la concepci\u00f3n a la vejez\u201d, en el marco de la Atenci\u00f3n Primaria de Salud integral, integrada y contin\u00faa. El encuentro es organizado de manera conjunta por el Colegio [&#8230;]\n","protected":false},"author":2,"featured_media":0,"comment_status":"open","ping_status":"open","sticky":false,"template":"","format":"standard","meta":{"footnotes":""},"categories":[71],"tags":[],"class_list":["post-1728","post","type-post","status-publish","format-standard","hentry","category-noticias"],"_links":{"self":[{"href":"https:\/\/cofarco.com.ar\/ar\/wp-json\/wp\/v2\/posts\/1728","targetHints":{"allow":["GET"]}}],"collection":[{"href":"https:\/\/cofarco.com.ar\/ar\/wp-json\/wp\/v2\/posts"}],"about":[{"href":"https:\/\/cofarco.com.ar\/ar\/wp-json\/wp\/v2\/types\/post"}],"author":[{"embeddable":true,"href":"https:\/\/cofarco.com.ar\/ar\/wp-json\/wp\/v2\/users\/2"}],"replies":[{"embeddable":true,"href":"https:\/\/cofarco.com.ar\/ar\/wp-json\/wp\/v2\/comments?post=1728"}],"version-history":[{"count":0,"href":"https:\/\/cofarco.com.ar\/ar\/wp-json\/wp\/v2\/posts\/1728\/revisions"}],"wp:attachment":[{"href":"https:\/\/cofarco.com.ar\/ar\/wp-json\/wp\/v2\/media?parent=1728"}],"wp:term":[{"taxonomy":"category","embeddable":true,"href":"https:\/\/cofarco.com.ar\/ar\/wp-json\/wp\/v2\/categories?post=1728"},{"taxonomy":"post_tag","embeddable":true,"href":"https:\/\/cofarco.com.ar\/ar\/wp-json\/wp\/v2\/tags?post=1728"}],"curies":[{"name":"wp","href":"https:\/\/api.w.org\/{rel}","templated":true}]}}