{"id":1752,"date":"2018-08-14T14:03:11","date_gmt":"2018-08-14T17:03:11","guid":{"rendered":"http:\/\/www.cofarco.com.ar\/?p=1752"},"modified":"2018-08-14T14:03:11","modified_gmt":"2018-08-14T17:03:11","slug":"curso-virtual-abordaje-farmaceutico-de-las-enfermedades-causadas-por-arbovirus","status":"publish","type":"post","link":"https:\/\/cofarco.com.ar\/ar\/2018\/08\/14\/curso-virtual-abordaje-farmaceutico-de-las-enfermedades-causadas-por-arbovirus\/","title":{"rendered":"Curso virtual: Abordaje farmac\u00e9utico de las enfermedades causadas por arbovirus"},"content":{"rendered":"<div>\n<p class=\"m_-3192755063902758451x_MsoNormal\">El Foro Farmac\u00e9utico de las Am\u00e9ricas y el Colegio de Farmac\u00e9uticos de Costa Rica ofrecen\u00a0 el curso virtual de autoaprendizaje: Abordaje farmac\u00e9utico de las enfermedades causadas por arbovirus, cuya primera edici\u00f3n se estar\u00e1 desarrollando del 3 de setiembre al 26 de noviembre de 2018.<\/p>\n<p class=\"m_-3192755063902758451x_MsoNormal\"><b>La actividad educativa no tiene ning\u00fan costo para los farmac\u00e9uticos.<\/b><\/p>\n<p class=\"m_-3192755063902758451x_MsoNormal\">En los adjuntos se ampl\u00eda la informaci\u00f3n sobre la actividad educativa\u00a0 mencionada y para facilitar el proceso de registro en el curso, la inscripci\u00f3n deber\u00e1 ser realizada directamente por cada interesado, raz\u00f3n por la cual se adjunta el procedimiento de matr\u00edcula que deber\u00e1 seguir.<\/p>\n<p class=\"m_-3192755063902758451x_MsoNormal\"><i>La fecha l\u00edmite para inscripciones se ha fijado para el viernes 31 de agosto de 2018.<\/i><\/p>\n<\/div>\n<div style=\"text-align: center;\"><a href=\"https:\/\/cofarco.com.ar\/ar\/wp-content\/uploads\/2018\/08\/instrucciones-matrcula-curso-arbovirus-ffa.pdf\">instrucciones-matrcula-curso-arbovirus-ffa<\/a><\/div>\n<div style=\"text-align: center;\"><\/div>\n<div style=\"text-align: center;\"><a href=\"https:\/\/cofarco.com.ar\/ar\/wp-content\/uploads\/2018\/08\/ffa-dpf-21-2018.-carta-divulgacin-curso-arbovirosis.docx\">ffa-dpf-21-2018.-carta-divulgacin-curso-arbovirosis<\/a><\/div>\n<div><\/div>\n<div><\/div>\n<div><\/div>\n<div><\/div>\n<div style=\"text-align: right;\">Colegio de Farmac\u00e9uticos de Corrientes &#8211; Santa Fe 1186<\/div>\n<div style=\"text-align: right;\">Tel\u00e9fono (379-4425707\/4426749)<\/div>\n","protected":false},"excerpt":{"rendered":"<p>El Foro Farmac\u00e9utico de las Am\u00e9ricas y el Colegio de Farmac\u00e9uticos de Costa Rica ofrecen\u00a0 el curso virtual de autoaprendizaje: Abordaje farmac\u00e9utico de las enfermedades causadas por arbovirus, cuya primera edici\u00f3n se estar\u00e1 desarrollando del 3 de setiembre al 26 de noviembre de 2018. La actividad educativa no tiene ning\u00fan costo para los farmac\u00e9uticos. En [&#8230;]\n","protected":false},"author":2,"featured_media":0,"comment_status":"open","ping_status":"open","sticky":false,"template":"","format":"standard","meta":{"footnotes":""},"categories":[71],"tags":[],"class_list":["post-1752","post","type-post","status-publish","format-standard","hentry","category-noticias"],"_links":{"self":[{"href":"https:\/\/cofarco.com.ar\/ar\/wp-json\/wp\/v2\/posts\/1752","targetHints":{"allow":["GET"]}}],"collection":[{"href":"https:\/\/cofarco.com.ar\/ar\/wp-json\/wp\/v2\/posts"}],"about":[{"href":"https:\/\/cofarco.com.ar\/ar\/wp-json\/wp\/v2\/types\/post"}],"author":[{"embeddable":true,"href":"https:\/\/cofarco.com.ar\/ar\/wp-json\/wp\/v2\/users\/2"}],"replies":[{"embeddable":true,"href":"https:\/\/cofarco.com.ar\/ar\/wp-json\/wp\/v2\/comments?post=1752"}],"version-history":[{"count":0,"href":"https:\/\/cofarco.com.ar\/ar\/wp-json\/wp\/v2\/posts\/1752\/revisions"}],"wp:attachment":[{"href":"https:\/\/cofarco.com.ar\/ar\/wp-json\/wp\/v2\/media?parent=1752"}],"wp:term":[{"taxonomy":"category","embeddable":true,"href":"https:\/\/cofarco.com.ar\/ar\/wp-json\/wp\/v2\/categories?post=1752"},{"taxonomy":"post_tag","embeddable":true,"href":"https:\/\/cofarco.com.ar\/ar\/wp-json\/wp\/v2\/tags?post=1752"}],"curies":[{"name":"wp","href":"https:\/\/api.w.org\/{rel}","templated":true}]}}