{"id":1757,"date":"2018-08-14T14:06:25","date_gmt":"2018-08-14T17:06:25","guid":{"rendered":"http:\/\/www.cofarco.com.ar\/?p=1757"},"modified":"2018-08-14T14:06:25","modified_gmt":"2018-08-14T17:06:25","slug":"primera-jornada-farmaceutico-odontologica","status":"publish","type":"post","link":"https:\/\/cofarco.com.ar\/ar\/2018\/08\/14\/primera-jornada-farmaceutico-odontologica\/","title":{"rendered":"Primera Jornada Farmac\u00e9utico-Odontol\u00f3gica"},"content":{"rendered":"<div class=\"nH if\">\n<div class=\"nH aHU\">\n<div class=\"nH hx\">\n<div class=\"nH\">\n<div class=\"h7 ie nH oy8Mbf\" tabindex=\"-1\">\n<div class=\"Bk\">\n<div class=\"G3 G2\">\n<div id=\":ov\">\n<div class=\"adn ads\" data-message-id=\"1653914639cff747\" data-legacy-message-id=\"1653914639cff747\">\n<div class=\"gs\">\n<div class=\"\">\n<div id=\":rb\" class=\"ii gt\">\n<div id=\":nc\" class=\"a3s aXjCH m1653914639cff747\">\n<div dir=\"ltr\">\n<div id=\"m_3335480037758204919divtagdefaultwrapper\" dir=\"ltr\">\n<div dir=\"ltr\">\n<div class=\"m_3335480037758204919x_gmail_signature\" dir=\"ltr\">\n<div dir=\"ltr\">\n<div dir=\"ltr\">\n<div>\n<p class=\"x_MsoNormal\">Organizada por la Academia Nacional de Odontolog\u00eda y la Confederaci\u00f3n Farmac\u00e9utica Argentina, el VIERNES 26 de OCTUBRE, de 13 a 17 horas, se realizar\u00e1 la\u00a0<b>Primera Jornada Farmac\u00e9utico-Odontol\u00f3gica.<\/b><\/p>\n<p class=\"x_MsoNormal\">Lugar de realizaci\u00f3n: Av. Pte Julio A. Roca 751, Piso 2\u00ba, Ciudad de Buenos Aires. Confederaci\u00f3n Farmac\u00e9utica Argentina.<\/p>\n<p class=\"x_MsoNormal\"><b>Descripci\u00f3n<\/b><\/p>\n<p class=\"x_MsoNormal\">Se abordar\u00e1n diferentes patolog\u00edas y emergencias que puedan surgir en la cl\u00ednica odontol\u00f3gica y que son de particular inter\u00e9s para los profesionales farmac\u00e9uticos. Rol del farmac\u00e9utico en la prevenci\u00f3n de dichas patolog\u00edas. Importancia de la interacci\u00f3n entre odont\u00f3logo y farmac\u00e9utico en beneficio del paciente. La preparaci\u00f3n magistral y el vadem\u00e9cum odontol\u00f3gico.<\/p>\n<p class=\"m_3335480037758204919x_MsoNormal\"><span lang=\"ES\">\u00a0<\/span><b><span lang=\"ES\">Objetivos<\/span><\/b><\/p>\n<p class=\"m_3335480037758204919x_MsoNormal\"><span lang=\"ES\">La prevenci\u00f3n en odontolog\u00eda \u2013 Cuidados bucales durante el embarazo &#8211; En qu\u00e9 consiste un\u00a0 tratamiento de conducto- Implantes dentarios- Cuidado de las enc\u00edas \u2013 Sangrado- T\u00e9cnicas de cepillado<\/span><\/p>\n<p class=\"m_3335480037758204919x_MsoNormal\"><span lang=\"ES\">Halitosis- Identificar las diferentes emergencias odontol\u00f3gicas<\/span><\/p>\n<p class=\"m_3335480037758204919x_MsoNormal\"><span lang=\"ES\">Principales emergencias de origen odontol\u00f3gico. Conducta a seguir<\/span><\/p>\n<p class=\"m_3335480037758204919x_MsoNormal\"><span lang=\"ES\">F\u00e1rmacos que puedan utilizarse. Pasos a seguir en cada caso<\/span><\/p>\n<p class=\"m_3335480037758204919x_gmail-MsoNormalCxSpMiddle\"><span lang=\"ES\">&#8211;\u00a0\u00a0\u00a0\u00a0\u00a0\u00a0\u00a0\u00a0<\/span><span lang=\"ES\">Odontolog\u00eda de urgencia<\/span><\/p>\n<p class=\"m_3335480037758204919x_gmail-MsoNormalCxSpMiddle\"><span lang=\"ES\">&#8211;\u00a0\u00a0\u00a0\u00a0\u00a0\u00a0\u00a0\u00a0<\/span><span lang=\"ES\">Dolor<\/span><\/p>\n<p class=\"m_3335480037758204919x_gmail-MsoNormalCxSpMiddle\"><span lang=\"ES\">&#8211;\u00a0\u00a0\u00a0\u00a0\u00a0\u00a0\u00a0\u00a0<\/span><span lang=\"ES\">Infecciones de la cavidad bucal<\/span><\/p>\n<p class=\"m_3335480037758204919x_gmail-MsoNormalCxSpMiddle\"><span lang=\"ES\">&#8211;\u00a0\u00a0\u00a0\u00a0\u00a0\u00a0\u00a0\u00a0<\/span><span lang=\"ES\">Traumatismos dentarios &#8211; Avulsi\u00f3n &#8211; Reimplantes<\/span><\/p>\n<p class=\"m_3335480037758204919x_MsoNormal\"><span lang=\"ES\">&#8211; Lesiones orales asociadas<\/span><\/p>\n<p class=\"m_3335480037758204919x_MsoNormal\"><span lang=\"ES\">&#8211; Aftas, Herpes. C\u00e1ncer de boca. Diagn\u00f3stico diferencial<\/span><\/p>\n<p class=\"m_3335480037758204919x_MsoNormal\"><span lang=\"ES\">&#8211; Manejo actual de los diferentes cuadros cl\u00ednicos<\/span><\/p>\n<p class=\"m_3335480037758204919x_MsoNormal\"><span lang=\"ES\">&#8211; Diagn\u00f3stico \u2013 Tratamiento \u2013 Prevenci\u00f3n<\/span><\/p>\n<p class=\"m_3335480037758204919x_MsoNormal\"><span lang=\"ES\">&#8211; Recetas magistrales \u2013 Saliva artificial.<\/span><\/p>\n<p class=\"m_3335480037758204919x_MsoNormal\"><span lang=\"ES\">&#8211; Importancia de las Formulaciones Magistrales en la pr\u00e1ctica Odontol\u00f3gica.<\/span><\/p>\n<p class=\"m_3335480037758204919x_MsoNormal\"><span lang=\"ES\">&#8211; Presente y Futuro en la cooperaci\u00f3n de las profesiones Farmac\u00e9utica y Odontol\u00f3gica.<\/span><\/p>\n<p class=\"m_3335480037758204919x_MsoNormal\"><span lang=\"ES\">\u00a0<\/span><b><span lang=\"ES\">\u00a0<\/span><\/b><b><span lang=\"ES\">\u00a0<\/span><\/b><\/p>\n<p class=\"m_3335480037758204919x_MsoNormal\" align=\"center\"><b><span lang=\"ES\">Disertantes:<\/span><\/b><\/p>\n<p class=\"m_3335480037758204919x_MsoNormal\"><span lang=\"ES\">\u00a0<\/span><b><span lang=\"ES\">Prof. Dra. Zulema J. Casariego<\/span><\/b><\/p>\n<p class=\"m_3335480037758204919x_MsoNormal\"><span lang=\"ES\">Acad\u00e9mica Nacional de n\u00famero<\/span><\/p>\n<p class=\"m_3335480037758204919x_MsoNormal\"><span lang=\"ES\">Especialista en Cirug\u00eda Maxilofacial<\/span><\/p>\n<p class=\"m_3335480037758204919x_MsoNormal\"><span lang=\"ES\">Especialista en Estomatolog\u00eda.<\/span><\/p>\n<p class=\"m_3335480037758204919x_MsoNormal\"><span lang=\"ES\">Ex Profesora Titular de Patolog\u00eda<\/span><span lang=\"ES\">\u00a0y Cl\u00ednica Estomatol\u00f3gica y Farmacolog\u00eda<\/span><\/p>\n<p class=\"m_3335480037758204919x_MsoNormal\"><span lang=\"ES\">Estomat\u00f3loga del Servicio de Infectolog\u00eda<\/span><span lang=\"ES\">\u00a0del Hospital J. A. Fern\u00e1ndez<\/span><\/p>\n<p class=\"m_3335480037758204919x_MsoNormal\"><span lang=\"ES\">Directora de la Especialidad de Estomatolog\u00eda<\/span><span lang=\"ES\">\u00a0&#8211; Cl\u00ednica. Pontificia Universidad Cat\u00f3lica Argentina<\/span><\/p>\n<p class=\"m_3335480037758204919x_MsoNormal\"><span lang=\"ES\">Fellow of International Dental Academy<\/span><\/p>\n<p class=\"m_3335480037758204919x_MsoNormal\"><span lang=\"ES\">\u00a0<\/span><b><span lang=\"ES\">Prof. Dra. Beatriz Mar\u00eda Maresca<\/span><\/b><\/p>\n<p class=\"m_3335480037758204919x_MsoNormal\"><span lang=\"ES\">Acad\u00e9mica Nacional de N\u00famero<\/span><\/p>\n<p class=\"m_3335480037758204919x_MsoNormal\"><span lang=\"ES\">Especialista en Endodoncia<\/span><\/p>\n<p class=\"m_3335480037758204919x_MsoNormal\"><span lang=\"ES\">Ex Profesora Titular de Endodoncia UBA<\/span><\/p>\n<p class=\"m_3335480037758204919x_MsoNormal\"><span lang=\"ES\">Profesora Titular Universidad JF Kennedy<\/span><\/p>\n<p class=\"m_3335480037758204919x_MsoNormal\"><span lang=\"ES\">Directora Carrera de Especialidad en Endodoncia AAO- Universidad Favaloro<\/span><\/p>\n<p class=\"m_3335480037758204919x_MsoNormal\"><span lang=\"ES\">\u00a0<\/span><b><span lang=\"ES\">Prof. Dr. Jorge Fern\u00e1ndez Monjes<\/span><\/b><\/p>\n<p class=\"m_3335480037758204919x_MsoNormal\"><span lang=\"ES\">Acad\u00e9mico Nacional de N\u00famero<\/span><\/p>\n<p class=\"m_3335480037758204919x_MsoNormal\"><span lang=\"ES\">Especialista en Endodoncia<\/span><\/p>\n<p class=\"m_3335480037758204919x_MsoNormal\"><span lang=\"ES\">Ex Profesor Regular Adjunto en Endodoncia UBA<\/span><\/p>\n<p class=\"m_3335480037758204919x_MsoNormal\"><span lang=\"ES\">Profesor Titular Universidad JF Kennedy<\/span><\/p>\n<p class=\"m_3335480037758204919x_MsoNormal\"><span lang=\"ES\">Docente Carrera de Especialidad en Endodoncia &#8211; AAO.- Universidad Favaloro<\/span><\/p>\n<p class=\"m_3335480037758204919x_MsoNormal\"><span lang=\"ES\">\u00a0<\/span><b><span lang=\"ES\">Farm. Dra. Julia Bottini<\/span><\/b><\/p>\n<p class=\"m_3335480037758204919x_MsoNormal\"><span lang=\"ES\">Farmac\u00e9utica<\/span><\/p>\n<p class=\"m_3335480037758204919x_MsoNormal\"><span lang=\"ES\">Universidad de Mor\u00f3n.<\/span><\/p>\n<p class=\"m_3335480037758204919x_MsoNormal\"><span lang=\"ES\">Miembro del Programa de BPPF del C.F.P.B.A.<\/span><\/p>\n<p class=\"m_3335480037758204919x_MsoNormal\"><span lang=\"ES\">Docente en Formulaci\u00f3n Magistral del C.F.P.B.A.<\/span><\/p>\n<p class=\"m_3335480037758204919x_MsoNormal\"><span lang=\"ES\">D.T. en Farmacia Oficinal<\/span><\/p>\n<p class=\"m_3335480037758204919x_MsoNormal\"><span lang=\"ES\">\u00a0<\/span><b><span lang=\"ES\">Coordinadores<\/span><\/b><span lang=\"ES\">: Prof. Dr. Carlos Bregni, Dr. Norberto E. L\u00f3pez y Dr. David P. Fern\u00e1ndez.<\/span><\/p>\n<p class=\"m_3335480037758204919x_MsoNormal\"><span lang=\"ES\">\u00a0<\/span>Actividad: No arancelada &#8211; Vacantes limitadas<\/p>\n<p class=\"m_3335480037758204919x_gmail-xmsonormal\">Inscripci\u00f3n:\u00a0<a id=\"m_3335480037758204919LPlnk493628\" class=\"m_3335480037758204919OWAAutoLink\" href=\"mailto:cursos@cofa.org.ar\" target=\"_blank\" rel=\"noopener noreferrer\">cursos@cofa.org.ar<\/a>\u00a0(enviar apellido, nombres, DNI y correo electr\u00f3nico, n\u00famero de matr\u00edcula)<\/p>\n<\/div>\n<div><\/div>\n<div><\/div>\n<div><\/div>\n<div><\/div>\n<div><\/div>\n<div style=\"text-align: right;\">Colegio de Farmac\u00e9uticos de Corrientes &#8211; Santa Fe 1186<\/div>\n<div style=\"text-align: right;\">Tel\u00e9fono (379-4425707\/4426749)<\/div>\n<div class=\"yj6qo\"><\/div>\n<div class=\"adL\"><\/div>\n<\/div>\n<\/div>\n<\/div>\n<\/div>\n<\/div>\n<\/div>\n<\/div>\n<\/div>\n<\/div>\n<\/div>\n<\/div>\n<\/div>\n<\/div>\n<\/div>\n<\/div>\n<\/div>\n<\/div>\n<\/div>\n<\/div>\n","protected":false},"excerpt":{"rendered":"<p>Organizada por la Academia Nacional de Odontolog\u00eda y la Confederaci\u00f3n Farmac\u00e9utica Argentina, el VIERNES 26 de OCTUBRE, de 13 a 17 horas, se realizar\u00e1 la\u00a0Primera Jornada Farmac\u00e9utico-Odontol\u00f3gica. Lugar de realizaci\u00f3n: Av. Pte Julio A. Roca 751, Piso 2\u00ba, Ciudad de Buenos Aires. Confederaci\u00f3n Farmac\u00e9utica Argentina. Descripci\u00f3n Se abordar\u00e1n diferentes patolog\u00edas y emergencias que puedan surgir [&#8230;]\n","protected":false},"author":2,"featured_media":0,"comment_status":"open","ping_status":"open","sticky":false,"template":"","format":"standard","meta":{"footnotes":""},"categories":[71],"tags":[],"class_list":["post-1757","post","type-post","status-publish","format-standard","hentry","category-noticias"],"_links":{"self":[{"href":"https:\/\/cofarco.com.ar\/ar\/wp-json\/wp\/v2\/posts\/1757","targetHints":{"allow":["GET"]}}],"collection":[{"href":"https:\/\/cofarco.com.ar\/ar\/wp-json\/wp\/v2\/posts"}],"about":[{"href":"https:\/\/cofarco.com.ar\/ar\/wp-json\/wp\/v2\/types\/post"}],"author":[{"embeddable":true,"href":"https:\/\/cofarco.com.ar\/ar\/wp-json\/wp\/v2\/users\/2"}],"replies":[{"embeddable":true,"href":"https:\/\/cofarco.com.ar\/ar\/wp-json\/wp\/v2\/comments?post=1757"}],"version-history":[{"count":0,"href":"https:\/\/cofarco.com.ar\/ar\/wp-json\/wp\/v2\/posts\/1757\/revisions"}],"wp:attachment":[{"href":"https:\/\/cofarco.com.ar\/ar\/wp-json\/wp\/v2\/media?parent=1757"}],"wp:term":[{"taxonomy":"category","embeddable":true,"href":"https:\/\/cofarco.com.ar\/ar\/wp-json\/wp\/v2\/categories?post=1757"},{"taxonomy":"post_tag","embeddable":true,"href":"https:\/\/cofarco.com.ar\/ar\/wp-json\/wp\/v2\/tags?post=1757"}],"curies":[{"name":"wp","href":"https:\/\/api.w.org\/{rel}","templated":true}]}}