{"id":1772,"date":"2018-08-30T18:58:51","date_gmt":"2018-08-30T21:58:51","guid":{"rendered":"http:\/\/www.cofarco.com.ar\/?p=1772"},"modified":"2018-09-17T03:03:05","modified_gmt":"2018-09-17T03:03:05","slug":"descuentos-en-optica-del-sol-para-asociados","status":"publish","type":"post","link":"https:\/\/cofarco.com.ar\/ar\/2018\/08\/30\/descuentos-en-optica-del-sol-para-asociados\/","title":{"rendered":"Descuentos en \u00d3ptica del Sol para asociados"},"content":{"rendered":"<div>\n<p class=\"m_1706445688463876475x_MsoNormal\">Con el objetivo de sumar nuevos beneficios a los asociados, el Colegio de Farmac\u00e9uticos de la Provincia de Corrientes (COFARCO) firm\u00f3 un convenio con \u00d3ptica Del Sol, mediante el cual se conceder\u00e1n bonificaciones para las compras en efectivo y con tarjetas de cr\u00e9dito y d\u00e9bito.<\/p>\n<p class=\"m_1706445688463876475x_MsoNormal\">El acuerdo fue rubricado el 29 de agosto y consiste en descuentos del 15% \u00a0para los asociados del Colegio, en compras de contado efectivo; y el 10% \u00a0en pagos con tarjetas, para la adquisici\u00f3n de lentes de receta y lentes de sol.<\/p>\n<p class=\"m_1706445688463876475x_MsoNormal\">Para lentes de contacto, la bonificaci\u00f3n ser\u00e1 del 5%, con cualquier medio de pago. Los asociados al Colegio tambi\u00e9n podr\u00e1n acceder a cr\u00e9ditos personales, con seis cuotas sin inter\u00e9s.<\/p>\n<\/div>\n<div><\/div>\n<div><\/div>\n<div><\/div>\n<div><\/div>\n<div style=\"text-align: right;\">Colegio de Farmac\u00e9uticos de Corrientes &#8211; Santa Fe 1186<\/div>\n<div style=\"text-align: right;\">Tel\u00e9fono (379-4425707\/4426749)<\/div>\n","protected":false},"excerpt":{"rendered":"<p>Con el objetivo de sumar nuevos beneficios a los asociados, el Colegio de Farmac\u00e9uticos de la Provincia de Corrientes (COFARCO) firm\u00f3 un convenio con \u00d3ptica Del Sol, mediante el cual se conceder\u00e1n bonificaciones para las compras en efectivo y con tarjetas de cr\u00e9dito y d\u00e9bito. El acuerdo fue rubricado el 29 de agosto y consiste [&#8230;]\n","protected":false},"author":2,"featured_media":0,"comment_status":"open","ping_status":"open","sticky":false,"template":"","format":"standard","meta":{"footnotes":""},"categories":[79],"tags":[],"class_list":["post-1772","post","type-post","status-publish","format-standard","hentry","category-beneficios"],"_links":{"self":[{"href":"https:\/\/cofarco.com.ar\/ar\/wp-json\/wp\/v2\/posts\/1772","targetHints":{"allow":["GET"]}}],"collection":[{"href":"https:\/\/cofarco.com.ar\/ar\/wp-json\/wp\/v2\/posts"}],"about":[{"href":"https:\/\/cofarco.com.ar\/ar\/wp-json\/wp\/v2\/types\/post"}],"author":[{"embeddable":true,"href":"https:\/\/cofarco.com.ar\/ar\/wp-json\/wp\/v2\/users\/2"}],"replies":[{"embeddable":true,"href":"https:\/\/cofarco.com.ar\/ar\/wp-json\/wp\/v2\/comments?post=1772"}],"version-history":[{"count":1,"href":"https:\/\/cofarco.com.ar\/ar\/wp-json\/wp\/v2\/posts\/1772\/revisions"}],"predecessor-version":[{"id":1974,"href":"https:\/\/cofarco.com.ar\/ar\/wp-json\/wp\/v2\/posts\/1772\/revisions\/1974"}],"wp:attachment":[{"href":"https:\/\/cofarco.com.ar\/ar\/wp-json\/wp\/v2\/media?parent=1772"}],"wp:term":[{"taxonomy":"category","embeddable":true,"href":"https:\/\/cofarco.com.ar\/ar\/wp-json\/wp\/v2\/categories?post=1772"},{"taxonomy":"post_tag","embeddable":true,"href":"https:\/\/cofarco.com.ar\/ar\/wp-json\/wp\/v2\/tags?post=1772"}],"curies":[{"name":"wp","href":"https:\/\/api.w.org\/{rel}","templated":true}]}}